{"id":51070,"date":"2023-01-30T10:30:00","date_gmt":"2023-01-30T16:30:00","guid":{"rendered":"http:\/\/www.zonaroja.com.mx\/?p=51070"},"modified":"2023-01-30T07:53:05","modified_gmt":"2023-01-30T13:53:05","slug":"la-oms-mantiene-el-nivel-maximo-de-alerta-para-la-pandemia-de-covid-19","status":"publish","type":"post","link":"https:\/\/zonaroja.com.mx\/?p=51070","title":{"rendered":"La OMS mantiene el nivel m\u00e1ximo de alerta para la pandemia de Covid-19"},"content":{"rendered":"\n<p>Redacci\u00f3n\/Zona Roja Cdmx.<\/p>\n\n\n\n<p>Ciudad de M\u00e9xico, a 30 de enero de 2023.- La Organizaci\u00f3n Mundial de la Salud (OMS) decidi\u00f3 el viernes mantener el nivel m\u00e1ximo de alerta para la pandemia de Covid-19, exactamente tres a\u00f1os despu\u00e9s de haber declarado la enfermedad como urgencia de salud p\u00fablica internacional.<\/p>\n\n\n\n<p>El director general de la OMS, Tedros Adhanom Ghebreyesus, sigui\u00f3 las recomendaciones del comit\u00e9 de urgencia sobre el Covid-19, compuesto de expertos, que se reunieron este viernes, seg\u00fan un comunicado.<\/p>\n\n\n\n<p>El comit\u00e9 declar\u00f3 a la epidemia de covid-19 como una emergencia de salud p\u00fablica de importancia internacional el 30 de enero de 2020, en momentos en que no se hab\u00eda registrado a\u00fan ning\u00fan deceso sobre apenas 100 casos fuera de China.<\/p>\n\n\n\n<p>El doctor Tedros hab\u00eda indicado que juzgaba prematuro el levantamiento del nivel del alerta m\u00e1s alto.<\/p>\n\n\n\n<p>\u00abA pesar de que no quiero adelantarme a la opini\u00f3n del comit\u00e9 de emergencia, contin\u00fao muy preocupado por la situaci\u00f3n en muchos pa\u00edses y el creciente n\u00famero de muertos\u00bb, declar\u00f3 el martes a la prensa en Ginebra.<\/p>\n\n\n\n<p>La enfermedad ha causado 170 mil muertes en los dos \u00faltimos meses.<\/p>\n\n\n\n<p>Seg\u00fan cifras de la OMS, y desde su irrupci\u00f3n a finales de 2019, el covid-19 ha provocado oficialmente 6 millones 804 mil 491 muertes al 27 de enero, aunque la organizaci\u00f3n y los expertos est\u00e1n de acuerdo en decir que el n\u00famero de decesos es mucho m\u00e1s alto.<\/p>\n\n\n\n<p>(Informaci\u00f3n de \u201cMilenio\u201d)<\/p>\n","protected":false},"excerpt":{"rendered":"<p>Redacci\u00f3n\/Zona Roja Cdmx. Ciudad de M\u00e9xico, a 30 de enero de 2023.- La Organizaci\u00f3n Mundial&hellip;<\/p>\n","protected":false},"author":2,"featured_media":50479,"comment_status":"closed","ping_status":"open","sticky":false,"template":"","format":"standard","meta":{"_lmt_disableupdate":"","_lmt_disable":"","_jetpack_memberships_contains_paid_content":false,"footnotes":""},"categories":[109,47],"tags":[1510],"class_list":["post-51070","post","type-post","status-publish","format-standard","has-post-thumbnail","hentry","category-minuto-a-minuto","category-zona-gris","tag-coronavirus-pandemia-global"],"jetpack_featured_media_url":"https:\/\/zonaroja.com.mx\/wp-content\/uploads\/2023\/01\/Covid-19-coronavirus-China-1.jpeg","jetpack_sharing_enabled":true,"_links":{"self":[{"href":"https:\/\/zonaroja.com.mx\/index.php?rest_route=\/wp\/v2\/posts\/51070","targetHints":{"allow":["GET"]}}],"collection":[{"href":"https:\/\/zonaroja.com.mx\/index.php?rest_route=\/wp\/v2\/posts"}],"about":[{"href":"https:\/\/zonaroja.com.mx\/index.php?rest_route=\/wp\/v2\/types\/post"}],"author":[{"embeddable":true,"href":"https:\/\/zonaroja.com.mx\/index.php?rest_route=\/wp\/v2\/users\/2"}],"replies":[{"embeddable":true,"href":"https:\/\/zonaroja.com.mx\/index.php?rest_route=%2Fwp%2Fv2%2Fcomments&post=51070"}],"version-history":[{"count":1,"href":"https:\/\/zonaroja.com.mx\/index.php?rest_route=\/wp\/v2\/posts\/51070\/revisions"}],"predecessor-version":[{"id":51071,"href":"https:\/\/zonaroja.com.mx\/index.php?rest_route=\/wp\/v2\/posts\/51070\/revisions\/51071"}],"wp:featuredmedia":[{"embeddable":true,"href":"https:\/\/zonaroja.com.mx\/index.php?rest_route=\/wp\/v2\/media\/50479"}],"wp:attachment":[{"href":"https:\/\/zonaroja.com.mx\/index.php?rest_route=%2Fwp%2Fv2%2Fmedia&parent=51070"}],"wp:term":[{"taxonomy":"category","embeddable":true,"href":"https:\/\/zonaroja.com.mx\/index.php?rest_route=%2Fwp%2Fv2%2Fcategories&post=51070"},{"taxonomy":"post_tag","embeddable":true,"href":"https:\/\/zonaroja.com.mx\/index.php?rest_route=%2Fwp%2Fv2%2Ftags&post=51070"}],"curies":[{"name":"wp","href":"https:\/\/api.w.org\/{rel}","templated":true}]}}