{"id":51077,"date":"2023-01-30T13:03:00","date_gmt":"2023-01-30T19:03:00","guid":{"rendered":"http:\/\/www.zonaroja.com.mx\/?p=51077"},"modified":"2023-01-30T08:05:00","modified_gmt":"2023-01-30T14:05:00","slug":"la-onu-pide-medidas-urgentes-ante-auge-de-ideologia-neonazi-en-internet","status":"publish","type":"post","link":"https:\/\/zonaroja.com.mx\/?p=51077","title":{"rendered":"La ONU pide medidas urgentes ante auge de ideolog\u00eda neonazi en internet"},"content":{"rendered":"\n<p>Redacci\u00f3n\/Zona Roja Cdmx.<\/p>\n\n\n\n<p>Ciudad de M\u00e9xico, a 30 de enero de 2023.- El secretario general de la ONU, Ant\u00f3nio Guterres, alert\u00f3 este viernes de la creciente amenaza que plantean los grupos neonazis y supremacistas y pidi\u00f3 medidas urgentes para contener la propagaci\u00f3n de este tipo de ideolog\u00edas en internet.<\/p>\n\n\n\n<p>\u201cHoy hago un llamamiento urgente a todas las personas con influencia en el ecosistema de la informaci\u00f3n, reguladores, legisladores, empresas tecnol\u00f3gicas, medios de comunicaci\u00f3n, sociedad civil y gobiernos: detengan el odio\u201d, dijo Guterres en un discurso con motivo del D\u00eda Internacional en Memoria de las V\u00edctimas del Holocausto.<\/p>\n\n\n\n<p>El jefe de Naciones Unodas exigi\u00f3 que se establezcan l\u00edmites y que se obligue a su cumplimiento en un momento en el que, dijo, \u201cmuchas partes de internet se est\u00e1n convirtiendo en vertederos de desechos t\u00f3xicos para el odio y las mentiras despiadadas\u201d, que apelan al neonazismo y otras doctrinas.<\/p>\n\n\n\n<p>Guterres, que en el pasado ya hab\u00eda pedido regulaciones en este \u00e1mbito, apunt\u00f3 a empresas que ganan dinero \u201cllevando el extremismo desde los m\u00e1rgenes hasta el gran p\u00fablico\u201d.<\/p>\n\n\n\n<p>\u201cUsando algoritmos que amplifican el odio para mantener a los usuarios pegados a sus pantallas, las plataformas de redes sociales son c\u00f3mplices y tambi\u00e9n lo son los anunciantes que subsidian este modelo de negocio\u201d, subray\u00f3.<\/p>\n\n\n\n<p>El diplom\u00e1tico portugu\u00e9s destac\u00f3 la facilidad con la que los discursos de odio y neonazis se convierten en cr\u00edmenes y la violencia verbal se transforma en f\u00edsica.<\/p>\n\n\n\n<p>\u201cLos movimientos neonazis y supremacistas blancos se est\u00e1n haciendo m\u00e1s peligrosos cada d\u00eda. De hecho, ya representan la amenaza de seguridad interna n\u00famero uno en varios pa\u00edses y la que crece m\u00e1s r\u00e1pido\u201d, destac\u00f3.<\/p>\n\n\n\n<p>Guterres record\u00f3 los numerosos ataques perpetrados alrededor del mundo en los \u00faltimos a\u00f1os por personas con ese tipo de ideolog\u00eda.<\/p>\n\n\n\n<p>\u201cNo estamos viendo solo extremismo violento: cada vez m\u00e1s nos enfrentamos a terrorismo\u201d, se\u00f1al\u00f3 el secretario general de la ONU, que asegur\u00f3 que entre los principales factores en el crecimiento de esta \u201camenaza global\u201d est\u00e1 internet.<\/p>\n\n\n\n<p>En su discurso, Guterres traz\u00f3 paralelismos entre el mundo actual y el que permiti\u00f3 el surgimiento de la Alemania nazi: \u201cHoy podemos o\u00edr ecos de esos mismos cantos de sirena al odio\u201d.<\/p>\n\n\n\n<p>\u201cUna crisis econ\u00f3mica que genera descontento, demagogos populistas que usan la crisis para seducir a los votantes, desinformaci\u00f3n desbocada, teor\u00edas de la conspiraci\u00f3n paranoicas y discursos de odio desenfrenados\u201d, detall\u00f3 Guterres.<\/p>\n\n\n\n<p>Y prosigui\u00f3 con otros de los efectos de esta espiral de odio: \u201cUn creciente desprecio por los derechos humanos y el Estado de derecho, el crecimiento de ideolog\u00edas supremacistas blancas y neonazis, intentos de reescribir la historia y de rehabilitar a colaboradores y un auge del antisemitismo y otras formas de intolerancia y odio religioso\u201d, enumer\u00f3.<\/p>\n\n\n\n<p>Guterres, por ello, subray\u00f3 que la conmemoraci\u00f3n del Holocausto debe servir como un \u201cllamamiento a estar en alerta constante\u201d y a \u201cnunca guardar silencio ante el odio, nunca ser tolerantes con la intolerancia ni indiferentes con el sufrimiento de otros\u201d.<\/p>\n\n\n\n<p>(Informaci\u00f3n de la agencia EFE en Forbes M\u00e9xico)<\/p>\n","protected":false},"excerpt":{"rendered":"<p>Redacci\u00f3n\/Zona Roja Cdmx. Ciudad de M\u00e9xico, a 30 de enero de 2023.- El secretario general&hellip;<\/p>\n","protected":false},"author":2,"featured_media":51078,"comment_status":"closed","ping_status":"open","sticky":false,"template":"","format":"standard","meta":{"_lmt_disableupdate":"","_lmt_disable":"","_jetpack_memberships_contains_paid_content":false,"footnotes":""},"categories":[109,47],"tags":[],"class_list":["post-51077","post","type-post","status-publish","format-standard","has-post-thumbnail","hentry","category-minuto-a-minuto","category-zona-gris"],"jetpack_featured_media_url":"https:\/\/zonaroja.com.mx\/wp-content\/uploads\/2023\/01\/Ideologia-neonazi-nazi.jpeg","jetpack_sharing_enabled":true,"_links":{"self":[{"href":"https:\/\/zonaroja.com.mx\/index.php?rest_route=\/wp\/v2\/posts\/51077","targetHints":{"allow":["GET"]}}],"collection":[{"href":"https:\/\/zonaroja.com.mx\/index.php?rest_route=\/wp\/v2\/posts"}],"about":[{"href":"https:\/\/zonaroja.com.mx\/index.php?rest_route=\/wp\/v2\/types\/post"}],"author":[{"embeddable":true,"href":"https:\/\/zonaroja.com.mx\/index.php?rest_route=\/wp\/v2\/users\/2"}],"replies":[{"embeddable":true,"href":"https:\/\/zonaroja.com.mx\/index.php?rest_route=%2Fwp%2Fv2%2Fcomments&post=51077"}],"version-history":[{"count":1,"href":"https:\/\/zonaroja.com.mx\/index.php?rest_route=\/wp\/v2\/posts\/51077\/revisions"}],"predecessor-version":[{"id":51079,"href":"https:\/\/zonaroja.com.mx\/index.php?rest_route=\/wp\/v2\/posts\/51077\/revisions\/51079"}],"wp:featuredmedia":[{"embeddable":true,"href":"https:\/\/zonaroja.com.mx\/index.php?rest_route=\/wp\/v2\/media\/51078"}],"wp:attachment":[{"href":"https:\/\/zonaroja.com.mx\/index.php?rest_route=%2Fwp%2Fv2%2Fmedia&parent=51077"}],"wp:term":[{"taxonomy":"category","embeddable":true,"href":"https:\/\/zonaroja.com.mx\/index.php?rest_route=%2Fwp%2Fv2%2Fcategories&post=51077"},{"taxonomy":"post_tag","embeddable":true,"href":"https:\/\/zonaroja.com.mx\/index.php?rest_route=%2Fwp%2Fv2%2Ftags&post=51077"}],"curies":[{"name":"wp","href":"https:\/\/api.w.org\/{rel}","templated":true}]}}