{"id":5108,"date":"2019-10-24T21:21:15","date_gmt":"2019-10-25T02:21:15","guid":{"rendered":"http:\/\/www.zonaroja.com.mx\/?p=5108"},"modified":"2019-10-24T21:21:17","modified_gmt":"2019-10-25T02:21:17","slug":"entregan-a-dif-municipal-lo-recaudado-por-lo-que-de-verdad-importa","status":"publish","type":"post","link":"https:\/\/zonaroja.com.mx\/?p=5108","title":{"rendered":"Entregan a DIF municipal lo recaudado por \u201cLo que de verdad importa\u201d"},"content":{"rendered":"\n<p>Redacci\u00f3n\/Zona Roja.<\/p>\n\n\n\n<p>Oaxaca de Ju\u00e1rez, Oax., 24 de octubre\nde 2019.- <\/p>\n\n\n\n<p>Despensas recaudadas por la asociaci\u00f3n\ncivil espa\u00f1ola \u201cLo que de verdad importa\u201d fueron entregadas al DIF municipal de\nOaxaca, inform\u00f3 el Colegio de Bachilleres de Oaxaca (Cobao).<\/p>\n\n\n\n<p>Dicha Fundaci\u00f3n Internacional efectu\u00f3\nun congreso en el mes de septiembre pasado, con la presencia de destacados\nponentes que motivaron a estudiantes y p\u00fablico en general.<\/p>\n\n\n\n<p>En ese marco se recaudaron v\u00edveres que\nfueron donados por estudiantes del Cobao, con la finalidad de entregarlos a\nquien m\u00e1s lo necesita; esto dentro de su programa \u201cTu kilo tambi\u00e9n importa\u201d.<\/p>\n\n\n\n<p>El director general del Cobao, Rodrigo\nGonz\u00e1lez Illescas, expres\u00f3 que en la instituci\u00f3n se fomentan valores en las y\nlos estudiantes, y un claro ejemplo es lo que se entrega a la Casa Hogar\nMunicipal con el programa \u201cTu kilo tambi\u00e9n importa\u201d, que representa la suma de\nesfuerzo y solidaridad de los bachilleres.<\/p>\n\n\n\n<p>La alumna del Cobao plantel 01 Pueblo\nNuevo, Jimena Martell Contreras, reconoci\u00f3 que los directivos fomentan valores\ns\u00f3lidos para la formaci\u00f3n de la comunidad estudiantil, por lo que invit\u00f3 a sus\ncompa\u00f1eras y compa\u00f1eros a realizar acciones en beneficio de Oaxaca.<\/p>\n\n\n\n<p>La Fundaci\u00f3n Internacional \u201cLo que de\nverdad importa\u201d realiza de manera permanente congresos y campa\u00f1as de\nconcientizaci\u00f3n, con el fin de promover entre la ni\u00f1ez y la juventud los\nvalores sociales.<\/p>\n\n\n\n<p>Asimismo, advertirles de los riesgos de\nla violencia y las drogas. Estuvieron en Oaxaca el 24 de septiembre, con la\npresencia de destacados ponentes, entre ellos Juan Pablo Escobar, hijo del\nextinto narcotraficante colombiano Pablo Escobar Gaviria.<\/p>\n","protected":false},"excerpt":{"rendered":"<p>Redacci\u00f3n\/Zona Roja. Oaxaca de Ju\u00e1rez, Oax., 24 de octubre de 2019.- Despensas recaudadas por la&hellip;<\/p>\n","protected":false},"author":2,"featured_media":5109,"comment_status":"closed","ping_status":"open","sticky":false,"template":"","format":"standard","meta":{"_lmt_disableupdate":"","_lmt_disable":"","_jetpack_memberships_contains_paid_content":false,"footnotes":""},"categories":[109,46],"tags":[757],"class_list":["post-5108","post","type-post","status-publish","format-standard","has-post-thumbnail","hentry","category-minuto-a-minuto","category-zona-blanca","tag-fundacion-lo-que-de-verdad-importa"],"jetpack_featured_media_url":"https:\/\/zonaroja.com.mx\/wp-content\/uploads\/2019\/10\/COBAO-3.jpeg","jetpack_sharing_enabled":true,"_links":{"self":[{"href":"https:\/\/zonaroja.com.mx\/index.php?rest_route=\/wp\/v2\/posts\/5108","targetHints":{"allow":["GET"]}}],"collection":[{"href":"https:\/\/zonaroja.com.mx\/index.php?rest_route=\/wp\/v2\/posts"}],"about":[{"href":"https:\/\/zonaroja.com.mx\/index.php?rest_route=\/wp\/v2\/types\/post"}],"author":[{"embeddable":true,"href":"https:\/\/zonaroja.com.mx\/index.php?rest_route=\/wp\/v2\/users\/2"}],"replies":[{"embeddable":true,"href":"https:\/\/zonaroja.com.mx\/index.php?rest_route=%2Fwp%2Fv2%2Fcomments&post=5108"}],"version-history":[{"count":1,"href":"https:\/\/zonaroja.com.mx\/index.php?rest_route=\/wp\/v2\/posts\/5108\/revisions"}],"predecessor-version":[{"id":5110,"href":"https:\/\/zonaroja.com.mx\/index.php?rest_route=\/wp\/v2\/posts\/5108\/revisions\/5110"}],"wp:featuredmedia":[{"embeddable":true,"href":"https:\/\/zonaroja.com.mx\/index.php?rest_route=\/wp\/v2\/media\/5109"}],"wp:attachment":[{"href":"https:\/\/zonaroja.com.mx\/index.php?rest_route=%2Fwp%2Fv2%2Fmedia&parent=5108"}],"wp:term":[{"taxonomy":"category","embeddable":true,"href":"https:\/\/zonaroja.com.mx\/index.php?rest_route=%2Fwp%2Fv2%2Fcategories&post=5108"},{"taxonomy":"post_tag","embeddable":true,"href":"https:\/\/zonaroja.com.mx\/index.php?rest_route=%2Fwp%2Fv2%2Ftags&post=5108"}],"curies":[{"name":"wp","href":"https:\/\/api.w.org\/{rel}","templated":true}]}}