{"id":51080,"date":"2023-01-30T08:19:27","date_gmt":"2023-01-30T14:19:27","guid":{"rendered":"http:\/\/www.zonaroja.com.mx\/?p=51080"},"modified":"2023-01-30T08:19:30","modified_gmt":"2023-01-30T14:19:30","slug":"ante-grave-inseguridad-sedena-refuerza-patrullaje-en-zona-metropolitana","status":"publish","type":"post","link":"https:\/\/zonaroja.com.mx\/?p=51080","title":{"rendered":"Ante grave inseguridad, Sedena refuerza patrullaje en zona metropolitana"},"content":{"rendered":"\n<p>Ismael Garc\u00eda M.\/Zona Roja.<\/p>\n\n\n\n<p>Oaxaca de Ju\u00e1rez, Oax., a 30 de enero de 2023.- La Secretar\u00eda de la Defensa Nacional (Sedena) dispuso de 306 soldados para reforzar la seguridad en la ciudad de Oaxaca y la zona metropolitana.<\/p>\n\n\n\n<p>A esta iniciativa se unieron desde mediados del a\u00f1o pasado elementos de la Secretar\u00eda de la Marina; sin embargo, \u00e9stos no cuentan con unidades de motor propia por lo cual utilizan patrullas de la Polic\u00eda Estatal.<\/p>\n\n\n\n<p>En un comunicado, a trav\u00e9s de la VIII Regi\u00f3n Militar, la Sedena reconoci\u00f3 la alta incidencia de delitos en Oaxaca.<\/p>\n\n\n\n<p>Por ello, \u201ccon el objetivo de inhibir la comisi\u00f3n de delitos, reducci\u00f3n de homicidios y asaltos que realizan las organizaciones delictivas en los municipios de Santa Cruz Xoxocotl\u00e1n, San Antonio de la Cal, Santa Luc\u00eda del Camino y Oaxaca de Ju\u00e1rez, personal del Ej\u00e9rcito Mexicano y de la Guardia Nacional a partir del 28 de enero del presente a\u00f1o, iniciaron el despliegue con un efectivo de 306 elementos.<\/p>\n\n\n\n<p>A\u00f1ade que ello forma parte de la estrategia de seguridad p\u00fablica del Gobierno Federal y del \u00abPlan Nacional de Paz y Seguridad 2018-2024\u201d, mediante la aplicaci\u00f3n de la Ley Federal de Armas de Fuego y Control de Explosivos.<\/p>\n\n\n\n<p>\u201cEstas actividades se realizan con estricto apego al Estado de derecho y con pleno respeto a los derechos humanos, lo que permite contribuir a la recuperaci\u00f3n de la paz y seguridad de la poblaci\u00f3n en Oaxaca.<\/p>\n\n\n\n<p>\u201cCon acciones como estas, el Ej\u00e9rcito y Fuerza A\u00e9rea Mexicanos refrendan su compromiso indeclinable con la sociedad mexicana de velar y salvaguardar el bienestar e integridad de la ciudadan\u00eda, contribuyendo a la construcci\u00f3n del M\u00e9xico del ma\u00f1ana\u201d, expuso.<\/p>\n\n\n\n<p>En el caso de la Marina, apenas el pasado viernes fue captada en el centro de la ciudad de Oaxaca una patrulla de la Polic\u00eda Estatal, la n\u00famero 045, tripulada por elementos de esa dependencia estatal y sin el acompa\u00f1amiento de uniformados de la entidad.<\/p>\n","protected":false},"excerpt":{"rendered":"<p>Ismael Garc\u00eda M.\/Zona Roja. Oaxaca de Ju\u00e1rez, Oax., a 30 de enero de 2023.- La&hellip;<\/p>\n","protected":false},"author":2,"featured_media":51081,"comment_status":"closed","ping_status":"open","sticky":false,"template":"","format":"standard","meta":{"_lmt_disableupdate":"","_lmt_disable":"","_jetpack_memberships_contains_paid_content":false,"footnotes":""},"categories":[109,47],"tags":[709],"class_list":["post-51080","post","type-post","status-publish","format-standard","has-post-thumbnail","hentry","category-minuto-a-minuto","category-zona-gris","tag-viii-region-militar-sedena"],"jetpack_featured_media_url":"https:\/\/zonaroja.com.mx\/wp-content\/uploads\/2023\/01\/Patrullaje-Marina-Oaxaca.jpg","jetpack_sharing_enabled":true,"_links":{"self":[{"href":"https:\/\/zonaroja.com.mx\/index.php?rest_route=\/wp\/v2\/posts\/51080","targetHints":{"allow":["GET"]}}],"collection":[{"href":"https:\/\/zonaroja.com.mx\/index.php?rest_route=\/wp\/v2\/posts"}],"about":[{"href":"https:\/\/zonaroja.com.mx\/index.php?rest_route=\/wp\/v2\/types\/post"}],"author":[{"embeddable":true,"href":"https:\/\/zonaroja.com.mx\/index.php?rest_route=\/wp\/v2\/users\/2"}],"replies":[{"embeddable":true,"href":"https:\/\/zonaroja.com.mx\/index.php?rest_route=%2Fwp%2Fv2%2Fcomments&post=51080"}],"version-history":[{"count":1,"href":"https:\/\/zonaroja.com.mx\/index.php?rest_route=\/wp\/v2\/posts\/51080\/revisions"}],"predecessor-version":[{"id":51082,"href":"https:\/\/zonaroja.com.mx\/index.php?rest_route=\/wp\/v2\/posts\/51080\/revisions\/51082"}],"wp:featuredmedia":[{"embeddable":true,"href":"https:\/\/zonaroja.com.mx\/index.php?rest_route=\/wp\/v2\/media\/51081"}],"wp:attachment":[{"href":"https:\/\/zonaroja.com.mx\/index.php?rest_route=%2Fwp%2Fv2%2Fmedia&parent=51080"}],"wp:term":[{"taxonomy":"category","embeddable":true,"href":"https:\/\/zonaroja.com.mx\/index.php?rest_route=%2Fwp%2Fv2%2Fcategories&post=51080"},{"taxonomy":"post_tag","embeddable":true,"href":"https:\/\/zonaroja.com.mx\/index.php?rest_route=%2Fwp%2Fv2%2Ftags&post=51080"}],"curies":[{"name":"wp","href":"https:\/\/api.w.org\/{rel}","templated":true}]}}