{"id":51083,"date":"2023-01-30T11:26:00","date_gmt":"2023-01-30T17:26:00","guid":{"rendered":"http:\/\/www.zonaroja.com.mx\/?p=51083"},"modified":"2023-01-30T19:22:18","modified_gmt":"2023-01-31T01:22:18","slug":"pend-23","status":"publish","type":"post","link":"https:\/\/zonaroja.com.mx\/?p=51083","title":{"rendered":"Localizan ejecutado y semienterrado a adolescente desaparecido en la Costa oaxaque\u00f1a"},"content":{"rendered":"\n<p>Yuridiana Sosa\/Zona Roja.<\/p>\n\n\n\n<p>Oaxaca de Ju\u00e1rez, Oax.,a 30 de enero de 2023.- Mientras decenas de familias se han unido en un movimiento estatal en Oaxaca para exigir la localizaci\u00f3n de sus desaparecidos, la violencia ha cobrado la vida de otro desaparecido en la Costa, este fin de semana.<\/p>\n\n\n\n<p>Los restos del adolescente Carlos Nicol\u00e1s P. G., de 16 a\u00f1os de edad, fueron localizados en el paraje \u201cOjo de Agua\u201d de Santiago Jamiltepec, mismo municipio donde se report\u00f3 su desaparici\u00f3n desde la madrugada del domingo.<\/p>\n\n\n\n<p>Fue hallado semienterrado, con huellas de ejecuci\u00f3n y envuelto en pl\u00e1stico, a un costado de la v\u00eda federal.&nbsp;<\/p>\n\n\n\n<p>Carlos Nicol\u00e1s sali\u00f3 de casa el s\u00e1bado para ir a una fiesta, pero no volvi\u00f3, report\u00f3 la familia del joven este domingo durante un bloqueo que realizaron en la carretera federal 200 Pinotepa-Salina Cruz, para exigir a las autoridades su localizaci\u00f3n inmediata.<\/p>\n\n\n\n<p>De acuerdo con reportes preliminares, los restos del menor de edad fueron hallados cerca&nbsp;de las 19:00horas de ayer domingo.&nbsp;<\/p>\n\n\n\n<p>La inseguridad en la Costa se acent\u00faa, pues durante la semana pasada tambi\u00e9n fueron hallados los restos de un hombre decapitado, que hab\u00eda sido incendiado, tambi\u00e9n en Jamiltepec.&nbsp;<\/p>\n\n\n\n<p>OTRO EJECUTADO<\/p>\n\n\n\n<p>Por otra parte, la ma\u00f1ana de hoy se registr\u00f3 un ataque armado en la calle Cuautla del Barrio Santa Mar\u00eda, en el municipio de Santo Domingo Tehuantepec.&nbsp;<\/p>\n\n\n\n<p>La agresi\u00f3n dej\u00f3 como saldo una persona asesinado, identificada de manera preliminar como \u201cApa Flores\u201d; a falta de polic\u00edas municipales en la zona, pese a la alta afluencia de personas, no hay detenidos por este crimen.&nbsp;<\/p>\n\n\n\n<p>EL MOVIMIENTO&nbsp;<\/p>\n\n\n\n<p>Por otra parte, familiares de cientos de desaparecidos en Oaxaca se han unido para exigir al gobierno de Salom\u00f3n Jara Cruz atenci\u00f3n y respuesta inmediatas a las b\u00fasquedas de las personas sin localizar.<\/p>\n\n\n\n<p>Desde el s\u00e1bado, las v\u00edctimas indirectas de estos actos instalaron un \u201ctendedero\u201d con las impresiones de las fichas de b\u00fasqueda de sus familiares que no han vuelto a casa.<\/p>\n\n\n\n<p>Este lunes, las manifestaciones continuaron, algunos llegaron hasta la puerta del Palacio de Gobierno, pero no fueron recibidos.<\/p>\n\n\n\n<p>Mientras que cada d\u00eda surgen nuevos reportes de personas desaparecidas de diferentes edades, en toda la entidad. <\/p>\n","protected":false},"excerpt":{"rendered":"<p>Yuridiana Sosa\/Zona Roja. Oaxaca de Ju\u00e1rez, Oax.,a 30 de enero de 2023.- Mientras decenas de&hellip;<\/p>\n","protected":false},"author":2,"featured_media":51087,"comment_status":"closed","ping_status":"open","sticky":false,"template":"","format":"standard","meta":{"_lmt_disableupdate":"","_lmt_disable":"","_jetpack_memberships_contains_paid_content":false,"footnotes":""},"categories":[109,51],"tags":[797,125],"class_list":["post-51083","post","type-post","status-publish","format-standard","has-post-thumbnail","hentry","category-minuto-a-minuto","category-zona-roja","tag-santiago-jamiltepec","tag-santo-domingo-tehuantepec"],"jetpack_featured_media_url":"https:\/\/zonaroja.com.mx\/wp-content\/uploads\/2023\/01\/img_0280.jpg","jetpack_sharing_enabled":true,"_links":{"self":[{"href":"https:\/\/zonaroja.com.mx\/index.php?rest_route=\/wp\/v2\/posts\/51083","targetHints":{"allow":["GET"]}}],"collection":[{"href":"https:\/\/zonaroja.com.mx\/index.php?rest_route=\/wp\/v2\/posts"}],"about":[{"href":"https:\/\/zonaroja.com.mx\/index.php?rest_route=\/wp\/v2\/types\/post"}],"author":[{"embeddable":true,"href":"https:\/\/zonaroja.com.mx\/index.php?rest_route=\/wp\/v2\/users\/2"}],"replies":[{"embeddable":true,"href":"https:\/\/zonaroja.com.mx\/index.php?rest_route=%2Fwp%2Fv2%2Fcomments&post=51083"}],"version-history":[{"count":2,"href":"https:\/\/zonaroja.com.mx\/index.php?rest_route=\/wp\/v2\/posts\/51083\/revisions"}],"predecessor-version":[{"id":51088,"href":"https:\/\/zonaroja.com.mx\/index.php?rest_route=\/wp\/v2\/posts\/51083\/revisions\/51088"}],"wp:featuredmedia":[{"embeddable":true,"href":"https:\/\/zonaroja.com.mx\/index.php?rest_route=\/wp\/v2\/media\/51087"}],"wp:attachment":[{"href":"https:\/\/zonaroja.com.mx\/index.php?rest_route=%2Fwp%2Fv2%2Fmedia&parent=51083"}],"wp:term":[{"taxonomy":"category","embeddable":true,"href":"https:\/\/zonaroja.com.mx\/index.php?rest_route=%2Fwp%2Fv2%2Fcategories&post=51083"},{"taxonomy":"post_tag","embeddable":true,"href":"https:\/\/zonaroja.com.mx\/index.php?rest_route=%2Fwp%2Fv2%2Ftags&post=51083"}],"curies":[{"name":"wp","href":"https:\/\/api.w.org\/{rel}","templated":true}]}}