{"id":51085,"date":"2023-01-30T14:27:00","date_gmt":"2023-01-30T20:27:00","guid":{"rendered":"http:\/\/www.zonaroja.com.mx\/?p=51085"},"modified":"2023-01-30T17:58:35","modified_gmt":"2023-01-30T23:58:35","slug":"pend2-10","status":"publish","type":"post","link":"https:\/\/zonaroja.com.mx\/?p=51085","title":{"rendered":"Un colombiano ha sido arrestado tres veces\u2026 por llamarse igual que un narco"},"content":{"rendered":"\n<p>Redacci\u00f3n\/Zona Roja Cdmx.<\/p>\n\n\n\n<p>Ciudad de M\u00e9xico, a 30 de enero de 2023.- Ren\u00e9 Mart\u00ednez Guti\u00e9rrez, un ciudadano colombiano de 46 a\u00f1os de edad, fue arrestado por la&nbsp;Interpol a principios de enero en Colombia mientras viajaba a visitar a su padre, al ser confundido con un buscado narcotraficante peruano por tercera ocasi\u00f3n.<\/p>\n\n\n\n<p>Desde entonces, Mart\u00ednez Guti\u00e9rrez, quien estuvo a punto de ser extraditado a Per\u00fa, permanece en prisi\u00f3n hasta que se compruebe que no es la persona que buscan las autoridades peruanas.<\/p>\n\n\n\n<p>Mart\u00ednez Guti\u00e9rrez hab\u00eda sido arrestado por el mismo motivo; en 2011 y 2010, donde el colombiano fue arrestado y encarcelado.<\/p>\n\n\n\n<p>En 2010, Mart\u00ednez Guti\u00e9rrez&nbsp;fue capturado por primera vez, mientras realizaba unos tr\u00e1mites para crear su propia empresa; para esto necesitaba su pasado judicial y all\u00ed se dio cuenta que ten\u00eda una orden de captura desde Per\u00fa.<\/p>\n\n\n\n<p>En ese momento, las autoridades de su propio pa\u00eds lo encarcelaron durante una semana mientras hac\u00eda sus tr\u00e1mites.<\/p>\n\n\n\n<p>Su segundo arresto ocurri\u00f3 en 2011, cuando pas\u00f3 dos meses encerrado en una prisi\u00f3n de Colombia.<\/p>\n\n\n\n<p>\u201cSu nombre y fecha de nacimiento coincidieron con una persona buscada por ser c\u00f3mplice de un hombre que transport\u00f3 20 kilos de coca\u00edna incrustados en un televisor en Per\u00fa en 2006\u201d, dijo su esposa al diario local \u201cEl Tiempo\u201d.<\/p>\n\n\n\n<p>Tras los dos arrestos, Ren\u00e9 Mart\u00ednez Guti\u00e9rez viaj\u00f3 a Estados Unidos donde vivi\u00f3 10 a\u00f1os hasta que este 2023 viaj\u00f3 a su pa\u00eds de origen para despedirse de su padre y permanece detenido.<\/p>\n\n\n\n<p>(Informaci\u00f3n de \u201cMilenio Digital\u201d)<\/p>\n","protected":false},"excerpt":{"rendered":"<p>Redacci\u00f3n\/Zona Roja Cdmx. Ciudad de M\u00e9xico, a 30 de enero de 2023.- Ren\u00e9 Mart\u00ednez Guti\u00e9rrez,&hellip;<\/p>\n","protected":false},"author":2,"featured_media":48536,"comment_status":"closed","ping_status":"open","sticky":false,"template":"","format":"standard","meta":{"_lmt_disableupdate":"","_lmt_disable":"","_jetpack_memberships_contains_paid_content":false,"footnotes":""},"categories":[109,47],"tags":[],"class_list":["post-51085","post","type-post","status-publish","format-standard","has-post-thumbnail","hentry","category-minuto-a-minuto","category-zona-gris"],"jetpack_featured_media_url":"https:\/\/zonaroja.com.mx\/wp-content\/uploads\/2022\/11\/Carcel-prision-separos-detenido-1.jpeg","jetpack_sharing_enabled":true,"_links":{"self":[{"href":"https:\/\/zonaroja.com.mx\/index.php?rest_route=\/wp\/v2\/posts\/51085","targetHints":{"allow":["GET"]}}],"collection":[{"href":"https:\/\/zonaroja.com.mx\/index.php?rest_route=\/wp\/v2\/posts"}],"about":[{"href":"https:\/\/zonaroja.com.mx\/index.php?rest_route=\/wp\/v2\/types\/post"}],"author":[{"embeddable":true,"href":"https:\/\/zonaroja.com.mx\/index.php?rest_route=\/wp\/v2\/users\/2"}],"replies":[{"embeddable":true,"href":"https:\/\/zonaroja.com.mx\/index.php?rest_route=%2Fwp%2Fv2%2Fcomments&post=51085"}],"version-history":[{"count":2,"href":"https:\/\/zonaroja.com.mx\/index.php?rest_route=\/wp\/v2\/posts\/51085\/revisions"}],"predecessor-version":[{"id":51089,"href":"https:\/\/zonaroja.com.mx\/index.php?rest_route=\/wp\/v2\/posts\/51085\/revisions\/51089"}],"wp:featuredmedia":[{"embeddable":true,"href":"https:\/\/zonaroja.com.mx\/index.php?rest_route=\/wp\/v2\/media\/48536"}],"wp:attachment":[{"href":"https:\/\/zonaroja.com.mx\/index.php?rest_route=%2Fwp%2Fv2%2Fmedia&parent=51085"}],"wp:term":[{"taxonomy":"category","embeddable":true,"href":"https:\/\/zonaroja.com.mx\/index.php?rest_route=%2Fwp%2Fv2%2Fcategories&post=51085"},{"taxonomy":"post_tag","embeddable":true,"href":"https:\/\/zonaroja.com.mx\/index.php?rest_route=%2Fwp%2Fv2%2Ftags&post=51085"}],"curies":[{"name":"wp","href":"https:\/\/api.w.org\/{rel}","templated":true}]}}