{"id":51090,"date":"2023-01-30T18:40:27","date_gmt":"2023-01-31T00:40:27","guid":{"rendered":"http:\/\/www.zonaroja.com.mx\/?p=51090"},"modified":"2023-01-30T19:21:46","modified_gmt":"2023-01-31T01:21:46","slug":"matan-a-dos-mujeres-cada-dia-en-sexenio-de-jara-cruz-hoy-otro-caso","status":"publish","type":"post","link":"https:\/\/zonaroja.com.mx\/?p=51090","title":{"rendered":"Matan a una mujer cada dos d\u00edas en sexenio de Jara Cruz; hoy otro caso"},"content":{"rendered":"\n<p>Ismael Garc\u00eda M.\/Zona Roja.<\/p>\n\n\n\n<p>Oaxaca de Ju\u00e1rez, Oax., a 30 de enero de 2023.- Una mujer fue asesinada este lunes en San Andr\u00e9s Huay\u00e1pam, municipio conurbado a la ciudad de Oaxaca, presuntamente por su pareja sentimental.<\/p>\n\n\n\n<p>Con ello, la cifra de probables feminicidios se eleva a 24, un promedio de un crimen cada dos d\u00edas; es tambi\u00e9n el segundo caso en menos de una semana en que Bernardo Rodr\u00edguez Alamilla asumi\u00f3 el cargo de fiscal General del Estado.<\/p>\n\n\n\n<p>De acuerdo con los primeros reportes, alrededor de las 12:25 horas fueron reportados gritos en una casa ubicada en la calle privada de Benito Ju\u00e1rez n\u00famero 207 de la colonia 14 de Febrero de Huay\u00e1pam.<\/p>\n\n\n\n<p>Polic\u00edas municipales arribaron a la zona y corroboraron la localizaci\u00f3n de un cuerpo sin vida en el s\u00f3tano, en un charco de sangre, tras lo cual dieron parte a la Fiscal\u00eda General.<\/p>\n\n\n\n<p>Seg\u00fan se inform\u00f3 de manera preliminar, la v\u00edctima fue identificada como Mariana Guadalupe A. G., y al lugar lleg\u00f3 una persona que dijo ser hermano del due\u00f1o de la casa, que cuidaba la pareja.<\/p>\n\n\n\n<p>La Fiscal\u00eda inici\u00f3 la Carpeta de Investigaci\u00f3n 3557\/FMU\/UFEM\/2023 bajo los protocolos de feminicidio.<\/p>\n\n\n\n<p>Apenas el pasado jueves 26 de enero fue ultimada a balazos una mujer en el municipio de San Bartolo Coyotepec y el domingo 22 de enero asesinaron a dos femeninas, una en la ciudad de Oaxaca y otra en Santa Cruz Amilpas.<\/p>\n\n\n\n<figure class=\"wp-block-embed is-type-rich is-provider-twitter wp-block-embed-twitter\"><div class=\"wp-block-embed__wrapper\">\n<div class=\"twitter-tweet\"><blockquote class=\"twitter-tweet\" data-lang=\"es\"><p lang=\"es\" dir=\"ltr\"><a href=\"https:\/\/twitter.com\/hashtag\/ENVIVO?src=hash&amp;ref_src=twsrc%5Etfw\">#ENVIVO<\/a><br>Asesinan a una mujer en la colonia 14 Febrero de San Andr\u00e9s Huay\u00e1pam, conurbado a la capital oaxaque\u00f1a. <br>Es el feminicidio n\u00famero 24 en dos meses del gobierno de <a href=\"https:\/\/twitter.com\/salomonj?ref_src=twsrc%5Etfw\">@salomonj<\/a>, surgido de Morena.<br>Segundo caso en la era del fiscal <a href=\"https:\/\/twitter.com\/FiscalOaxaca?ref_src=twsrc%5Etfw\">@FiscalOaxaca<\/a>.<br>\ud83d\udc47<a href=\"https:\/\/t.co\/0c0lRCAxud\">https:\/\/t.co\/0c0lRCAxud<\/a> <a href=\"https:\/\/t.co\/viUulWDFyg\">pic.twitter.com\/viUulWDFyg<\/a><\/p>&mdash; Zona Roja Oaxaca (@ZonaRoja_Oaxaca) <a href=\"https:\/\/twitter.com\/ZonaRoja_Oaxaca\/status\/1620182990428184576?ref_src=twsrc%5Etfw\">30 de enero de 2023<\/a><\/blockquote><\/div>\n<\/div><\/figure>\n","protected":false},"excerpt":{"rendered":"<p>Ismael Garc\u00eda M.\/Zona Roja. Oaxaca de Ju\u00e1rez, Oax., a 30 de enero de 2023.- Una&hellip;<\/p>\n","protected":false},"author":2,"featured_media":51091,"comment_status":"closed","ping_status":"open","sticky":false,"template":"","format":"standard","meta":{"_lmt_disableupdate":"","_lmt_disable":"","_jetpack_memberships_contains_paid_content":false,"footnotes":""},"categories":[109,51],"tags":[1909],"class_list":["post-51090","post","type-post","status-publish","format-standard","has-post-thumbnail","hentry","category-minuto-a-minuto","category-zona-roja","tag-san-andres-huayapam"],"jetpack_featured_media_url":"https:\/\/zonaroja.com.mx\/wp-content\/uploads\/2023\/01\/Mujer-asesinada-San-Andres-Huayapam.png","jetpack_sharing_enabled":true,"_links":{"self":[{"href":"https:\/\/zonaroja.com.mx\/index.php?rest_route=\/wp\/v2\/posts\/51090","targetHints":{"allow":["GET"]}}],"collection":[{"href":"https:\/\/zonaroja.com.mx\/index.php?rest_route=\/wp\/v2\/posts"}],"about":[{"href":"https:\/\/zonaroja.com.mx\/index.php?rest_route=\/wp\/v2\/types\/post"}],"author":[{"embeddable":true,"href":"https:\/\/zonaroja.com.mx\/index.php?rest_route=\/wp\/v2\/users\/2"}],"replies":[{"embeddable":true,"href":"https:\/\/zonaroja.com.mx\/index.php?rest_route=%2Fwp%2Fv2%2Fcomments&post=51090"}],"version-history":[{"count":3,"href":"https:\/\/zonaroja.com.mx\/index.php?rest_route=\/wp\/v2\/posts\/51090\/revisions"}],"predecessor-version":[{"id":51094,"href":"https:\/\/zonaroja.com.mx\/index.php?rest_route=\/wp\/v2\/posts\/51090\/revisions\/51094"}],"wp:featuredmedia":[{"embeddable":true,"href":"https:\/\/zonaroja.com.mx\/index.php?rest_route=\/wp\/v2\/media\/51091"}],"wp:attachment":[{"href":"https:\/\/zonaroja.com.mx\/index.php?rest_route=%2Fwp%2Fv2%2Fmedia&parent=51090"}],"wp:term":[{"taxonomy":"category","embeddable":true,"href":"https:\/\/zonaroja.com.mx\/index.php?rest_route=%2Fwp%2Fv2%2Fcategories&post=51090"},{"taxonomy":"post_tag","embeddable":true,"href":"https:\/\/zonaroja.com.mx\/index.php?rest_route=%2Fwp%2Fv2%2Ftags&post=51090"}],"curies":[{"name":"wp","href":"https:\/\/api.w.org\/{rel}","templated":true}]}}