{"id":51095,"date":"2023-01-30T20:30:34","date_gmt":"2023-01-31T02:30:34","guid":{"rendered":"http:\/\/www.zonaroja.com.mx\/?p=51095"},"modified":"2023-01-30T21:00:13","modified_gmt":"2023-01-31T03:00:13","slug":"por-que-nos-desalojaron-si-no-sabian-donde-nos-iban-a-colocar-triquis","status":"publish","type":"post","link":"https:\/\/zonaroja.com.mx\/?p=51095","title":{"rendered":"\u201cPor qu\u00e9 nos desalojaron si no sab\u00edan d\u00f3nde nos iban a colocar\u201d: Triquis"},"content":{"rendered":"\n<p>Ismael Garc\u00eda M. \/Zona Roja.<\/p>\n\n\n\n<p>Oaxaca de Ju\u00e1rez, Oax., a 30 de enero de 2021.- A dos meses del desalojo de ind\u00edgenas triquis, un grupo de desplazados por la violencia prev\u00e9 reinstalar un \u201cplant\u00f3n\u201d en el z\u00f3calo.<\/p>\n\n\n\n<p>Sergia Zepeda Gonz\u00e1lez lament\u00f3 que hasta el momento no haya habido ni retorno a San Juan Copala, Juxtlahuaca, de donde fueron expulsados de manera violenta en 2010, ni les hayan devuelto la mercanc\u00eda decomisada la madrugada del 2 de diciembre.<\/p>\n\n\n\n<p>Mucho menos las han convocado a las mesas de pacificaci\u00f3n que emprenden los gobiernos estatal y federal s\u00f3lo con las organizaciones MULT y MULTI.<\/p>\n\n\n\n<p>\u201cPor el momento por parte de nosotros como v\u00edctimas desalojadas el 2 de diciembre, no vemos avances por parte del Estado; no nos han dado respuesta a la reubicaci\u00f3n, pero vemos que el gobierno y el presidente municipal (Francisco Mart\u00ednez Neri) no han podido trabajar se echan la pelota entre uno y otro.<\/p>\n\n\n\n<p>\u201cEl presidente municipal dice que en la v\u00eda p\u00fablica no nos pueden instalar simplemente; ahora el gobierno dice que nos va a instalar en un local, buscar la forma para lograr vender nuestras artesan\u00edas pero hasta el momento as\u00ed nos est\u00e1n atendiendo\u201d, dijo en entrevista.<\/p>\n\n\n\n<p>Lament\u00f3 que tanto el ayuntamiento de la capital como simulen apoyarlos pero ni siquiera les devolvieron completa la mercanc\u00eda decomisada durante el desalojo del pasado 2 de diciembre del corredor del Palacio de Gobierno, donde tambi\u00e9n se llevaron \u00fatiles escolares de los menores de edad.<\/p>\n\n\n\n<p>\u201cSomos desplazados, somos v\u00edctimas, no somos gente que viene por gusto aqu\u00ed en la capital, sino porque los gobierno no pudieron resolver el problema desde 2010.<\/p>\n\n\n\n<p>\u201cNo se recuperaron las mercanc\u00edas, nos hicieron que fu\u00e9ramos en Armenta y L\u00f3pez, recuperamos poco, pero hay mercanc\u00edas maltratadas, hab\u00eda creo chapopote y no est\u00e1n en condiciones en venta\u201d, expuso.<\/p>\n\n\n\n<p>Lament\u00f3 asimismo que la Secretar\u00eda de Gobierno, que encabeza Jes\u00fas Romero L\u00f3pez, no los haya convocado a las mesas de pacificaci\u00f3n para el retorno de los desplazados a la zona Triqui del estado.<\/p>\n\n\n\n<p>\u201cPor qu\u00e9 nos desalojaron si no sab\u00edan d\u00f3nde nos iban a colocar; para empezar no sabemos por qu\u00e9 lo han hecho si estamos aqu\u00ed por una exigencia justa no es porque nos gust\u00f3 estar.<\/p>\n\n\n\n<p>\u201cNo se ha visto la paz en la zona, hace dos d\u00edas hubo ataque en Putla y para nosotros es un tema muy delicado, para que el Estado ya se ponga trabajar con los tres niveles de gobierno y las v\u00edctimas. Pero no nos han incluido en las mesas de pacificaci\u00f3n, ellos dicen que s\u00ed pero realmente no estamos ah\u00ed\u201d.<\/p>\n\n\n\n<figure class=\"wp-block-embed is-type-rich is-provider-twitter wp-block-embed-twitter\"><div class=\"wp-block-embed__wrapper\">\n<div class=\"twitter-tweet\"><blockquote class=\"twitter-tweet\" data-lang=\"es\"><p lang=\"es\" dir=\"ltr\"><a href=\"https:\/\/twitter.com\/hashtag\/%C3%9AltimoMinuto?src=hash&amp;ref_src=twsrc%5Etfw\">#\u00daltimoMinuto<\/a><br>Un grupo de ind\u00edgenas triquis desplazados de Copala, encabezado por Sergia Zepeda, se encuentra afuera del Palacio de Gobierno, ciudad de Oaxaca.<br>Denuncia que la <a href=\"https:\/\/twitter.com\/SEGO_Oax?ref_src=twsrc%5Etfw\">@SEGO_Oax<\/a> y el <a href=\"https:\/\/twitter.com\/MunicipioOaxaca?ref_src=twsrc%5Etfw\">@MunicipioOaxaca<\/a> se culpan mutuamente de la desatenci\u00f3n. <br>Prev\u00e9n instalarse en \u201cplant\u00f3n\u201d. <a href=\"https:\/\/t.co\/5xYdZxajSV\">pic.twitter.com\/5xYdZxajSV<\/a><\/p>&mdash; Zona Roja Oaxaca (@ZonaRoja_Oaxaca) <a href=\"https:\/\/twitter.com\/ZonaRoja_Oaxaca\/status\/1620156266579656705?ref_src=twsrc%5Etfw\">30 de enero de 2023<\/a><\/blockquote><\/div>\n<\/div><\/figure>\n","protected":false},"excerpt":{"rendered":"<p>Ismael Garc\u00eda M. \/Zona Roja. Oaxaca de Ju\u00e1rez, Oax., a 30 de enero de 2021.-&hellip;<\/p>\n","protected":false},"author":2,"featured_media":51096,"comment_status":"closed","ping_status":"open","sticky":false,"template":"","format":"standard","meta":{"_lmt_disableupdate":"","_lmt_disable":"","_jetpack_memberships_contains_paid_content":false,"footnotes":""},"categories":[109,47],"tags":[354],"class_list":["post-51095","post","type-post","status-publish","format-standard","has-post-thumbnail","hentry","category-minuto-a-minuto","category-zona-gris","tag-desplazados-de-san-juan-copala"],"jetpack_featured_media_url":"https:\/\/zonaroja.com.mx\/wp-content\/uploads\/2023\/01\/Triquis-desplazadas-Copala.png","jetpack_sharing_enabled":true,"_links":{"self":[{"href":"https:\/\/zonaroja.com.mx\/index.php?rest_route=\/wp\/v2\/posts\/51095","targetHints":{"allow":["GET"]}}],"collection":[{"href":"https:\/\/zonaroja.com.mx\/index.php?rest_route=\/wp\/v2\/posts"}],"about":[{"href":"https:\/\/zonaroja.com.mx\/index.php?rest_route=\/wp\/v2\/types\/post"}],"author":[{"embeddable":true,"href":"https:\/\/zonaroja.com.mx\/index.php?rest_route=\/wp\/v2\/users\/2"}],"replies":[{"embeddable":true,"href":"https:\/\/zonaroja.com.mx\/index.php?rest_route=%2Fwp%2Fv2%2Fcomments&post=51095"}],"version-history":[{"count":2,"href":"https:\/\/zonaroja.com.mx\/index.php?rest_route=\/wp\/v2\/posts\/51095\/revisions"}],"predecessor-version":[{"id":51098,"href":"https:\/\/zonaroja.com.mx\/index.php?rest_route=\/wp\/v2\/posts\/51095\/revisions\/51098"}],"wp:featuredmedia":[{"embeddable":true,"href":"https:\/\/zonaroja.com.mx\/index.php?rest_route=\/wp\/v2\/media\/51096"}],"wp:attachment":[{"href":"https:\/\/zonaroja.com.mx\/index.php?rest_route=%2Fwp%2Fv2%2Fmedia&parent=51095"}],"wp:term":[{"taxonomy":"category","embeddable":true,"href":"https:\/\/zonaroja.com.mx\/index.php?rest_route=%2Fwp%2Fv2%2Fcategories&post=51095"},{"taxonomy":"post_tag","embeddable":true,"href":"https:\/\/zonaroja.com.mx\/index.php?rest_route=%2Fwp%2Fv2%2Ftags&post=51095"}],"curies":[{"name":"wp","href":"https:\/\/api.w.org\/{rel}","templated":true}]}}