{"id":51099,"date":"2023-01-30T21:33:49","date_gmt":"2023-01-31T03:33:49","guid":{"rendered":"http:\/\/www.zonaroja.com.mx\/?p=51099"},"modified":"2023-01-30T21:33:51","modified_gmt":"2023-01-31T03:33:51","slug":"irrefrenable-violencia-en-oaxaca-y-salomon-jara-otra-vez-al-gobierno-anterior","status":"publish","type":"post","link":"https:\/\/zonaroja.com.mx\/?p=51099","title":{"rendered":"Irrefrenable violencia en Oaxaca\u2026 y Salom\u00f3n Jara otra vez al gobierno anterior"},"content":{"rendered":"\n<p>Yuridiana Sosa\/Zona Roja.<\/p>\n\n\n\n<p>Oaxaca de Ju\u00e1rez, Oax., a 30 de enero de 2023.- El incremento de la violencia homicida, feminicida y hechos relacionados a la inseguridad en Oaxaca son una realidad, pero se deben a las \u201cinercias\u201d del gobierno anterior, justific\u00f3 el gobernador de Oaxaca, Salom\u00f3n Jara Cruz.<\/p>\n\n\n\n<p>En ese marco, en menos de 24 horas se registraron en Oaxaca dos homicidios y un probable feminicidio, en Santiago Jamiltepec, Santo Domingo Tehuantepec y San Andr\u00e9s Huay\u00e1pam.<\/p>\n\n\n\n<p>En su conferencia semanal matutina de este lunes, el mandatario reconoci\u00f3 el alza de los delitos durante los primeros dos meses de su gobierno, pero tambi\u00e9n especul\u00f3 sobre una ola de violencia desatada a prop\u00f3sito para desestabilizar a la cuarta transformaci\u00f3n en Oaxaca.<\/p>\n\n\n\n<p>\u201cY yo espero que no tenga metidas las manos el se\u00f1or Jos\u00e9 Murat creando inestabilidad o creando condiciones que permitan ver mayor crecimiento de delitos\u201d asever\u00f3 Jara Cruz.<\/p>\n\n\n\n<p>Primero indic\u00f3 que preocupa al Gobierno del Estado el incremento de los feminicidios y reconoci\u00f3 que durante las mesas de seguridad que llevan a cabo han observado el aumento \u201cun poco\u201d de homicidios dolosos y feminicidios.<\/p>\n\n\n\n<p>A lo que expres\u00f3: \u201cYo espero, porque si no vamos a denunciar en su momento y tuvimos un mes sin (titular) la Fiscal\u00eda, y a\u00fan existe lo que se dice inercia del gobierno anterior. Y yo espero que no tenga metidas las manos el se\u00f1or Jos\u00e9 Murat creando inestabilidad o creando condiciones que permitan ver mayor crecimiento de delitos\u201d.<\/p>\n\n\n\n<p>Asegur\u00f3 que su gobierno trabaja todos los d\u00edas a trav\u00e9s de la Mesa de Seguridad, en la que no s\u00f3lo conocen de los hechos, sino planean acciones para prevenir delitos, especialmente contra las mujeres.<\/p>\n\n\n\n<figure class=\"wp-block-embed is-type-rich is-provider-twitter wp-block-embed-twitter\"><div class=\"wp-block-embed__wrapper\">\n<div class=\"twitter-tweet\"><blockquote class=\"twitter-tweet\" data-lang=\"es\"><p lang=\"es\" dir=\"ltr\">El gobernador <a href=\"https:\/\/twitter.com\/salomonj?ref_src=twsrc%5Etfw\">@salomonj<\/a> reconoci\u00f3 incremento de homicidios y feminicidios en Oaxaca (hoy otros dos casos).<br>Pero para ocultar el fracaso de la <a href=\"https:\/\/twitter.com\/SSPC_GobOax?ref_src=twsrc%5Etfw\">@SSPC_GobOax<\/a>, culp\u00f3, otra vez, a las \u201cinercias\u201d del pasado.<br>Dijo: \u201cYo espero que no tenga metidas las manos el se\u00f1or Jos\u00e9 Murat\u201d. Escuche: <a href=\"https:\/\/t.co\/huAm5Tw0ke\">pic.twitter.com\/huAm5Tw0ke<\/a><\/p>&mdash; Zona Roja Oaxaca (@ZonaRoja_Oaxaca) <a href=\"https:\/\/twitter.com\/ZonaRoja_Oaxaca\/status\/1620133812511571968?ref_src=twsrc%5Etfw\">30 de enero de 2023<\/a><\/blockquote><\/div>\n<\/div><\/figure>\n\n\n\n<p>ESTRATEGIA NACIONAL<\/p>\n\n\n\n<p>En Oaxaca, agreg\u00f3, se implementa la estrategia de seguridad que se desarrolla a nivel nacional, con coordinaci\u00f3n de todas las fuerzas de seguridad de los poderes del Estado.<\/p>\n\n\n\n<p>Sin embargo, ante los resultados insisti\u00f3 en que la delincuencia es una consecuencia de gobiernos anteriores.<\/p>\n\n\n\n<p>\u201cVamos a tener pronto m\u00e1s acciones, porque tenemos 60 d\u00edas y entendemos que ha surgido un crecimiento, pero tambi\u00e9n pensamos, que quienes hac\u00edan la pol\u00edtica en el pasado proteg\u00edan, cubr\u00edan y ahora est\u00e1n queriendo desatar a la calle a quienes cometen m\u00e1s delitos para demostrar que en este gobierno est\u00e1n creciendo m\u00e1s incidencias\u201d, se\u00f1al\u00f3.<\/p>\n\n\n\n<p>El gobernador tambi\u00e9n mencion\u00f3 sobre otras incidencias como la violencia familiar derivada de varios aspectos, y sobre el robo de motociclistas y delitos que se cometen a bordo de \u00e9stas, por lo que adelant\u00f3 que prev\u00e9n que los due\u00f1os de motos usen castos con un holograma que descarte que maneja un veh\u00edculo robado.<\/p>\n\n\n\n<p>Adem\u00e1s de la estrategia que implementar\u00e1n en la Central de Abasto de Oaxaca, donde adem\u00e1s de lo relacionado con la seguridad, como instalaci\u00f3n un C2 y revisiones especiales ejecutar\u00e1n programas familiares y de convivencia social.<\/p>\n","protected":false},"excerpt":{"rendered":"<p>Yuridiana Sosa\/Zona Roja. Oaxaca de Ju\u00e1rez, Oax., a 30 de enero de 2023.- El incremento&hellip;<\/p>\n","protected":false},"author":2,"featured_media":51100,"comment_status":"closed","ping_status":"open","sticky":false,"template":"","format":"standard","meta":{"_lmt_disableupdate":"","_lmt_disable":"","_jetpack_memberships_contains_paid_content":false,"footnotes":""},"categories":[109,47],"tags":[939],"class_list":["post-51099","post","type-post","status-publish","format-standard","has-post-thumbnail","hentry","category-minuto-a-minuto","category-zona-gris","tag-salomon-jara-cruz"],"jetpack_featured_media_url":"https:\/\/zonaroja.com.mx\/wp-content\/uploads\/2023\/01\/FOTO-3-Firma-Gobernador-del-Estado-promulgacion-de-la-Ley-de-Revocacion-de-Mandato-en-Oaxaca.jpeg","jetpack_sharing_enabled":true,"_links":{"self":[{"href":"https:\/\/zonaroja.com.mx\/index.php?rest_route=\/wp\/v2\/posts\/51099","targetHints":{"allow":["GET"]}}],"collection":[{"href":"https:\/\/zonaroja.com.mx\/index.php?rest_route=\/wp\/v2\/posts"}],"about":[{"href":"https:\/\/zonaroja.com.mx\/index.php?rest_route=\/wp\/v2\/types\/post"}],"author":[{"embeddable":true,"href":"https:\/\/zonaroja.com.mx\/index.php?rest_route=\/wp\/v2\/users\/2"}],"replies":[{"embeddable":true,"href":"https:\/\/zonaroja.com.mx\/index.php?rest_route=%2Fwp%2Fv2%2Fcomments&post=51099"}],"version-history":[{"count":1,"href":"https:\/\/zonaroja.com.mx\/index.php?rest_route=\/wp\/v2\/posts\/51099\/revisions"}],"predecessor-version":[{"id":51101,"href":"https:\/\/zonaroja.com.mx\/index.php?rest_route=\/wp\/v2\/posts\/51099\/revisions\/51101"}],"wp:featuredmedia":[{"embeddable":true,"href":"https:\/\/zonaroja.com.mx\/index.php?rest_route=\/wp\/v2\/media\/51100"}],"wp:attachment":[{"href":"https:\/\/zonaroja.com.mx\/index.php?rest_route=%2Fwp%2Fv2%2Fmedia&parent=51099"}],"wp:term":[{"taxonomy":"category","embeddable":true,"href":"https:\/\/zonaroja.com.mx\/index.php?rest_route=%2Fwp%2Fv2%2Fcategories&post=51099"},{"taxonomy":"post_tag","embeddable":true,"href":"https:\/\/zonaroja.com.mx\/index.php?rest_route=%2Fwp%2Fv2%2Ftags&post=51099"}],"curies":[{"name":"wp","href":"https:\/\/api.w.org\/{rel}","templated":true}]}}