{"id":51105,"date":"2023-01-31T09:40:00","date_gmt":"2023-01-31T15:40:00","guid":{"rendered":"http:\/\/www.zonaroja.com.mx\/?p=51105"},"modified":"2023-01-31T06:42:31","modified_gmt":"2023-01-31T12:42:31","slug":"aumenta-a-88-las-personas-asesinadas-en-ataque-a-mezquita-de-pakistan","status":"publish","type":"post","link":"https:\/\/zonaroja.com.mx\/?p=51105","title":{"rendered":"Aumenta a 88 las personas asesinadas en ataque a mezquita de Pakist\u00e1n"},"content":{"rendered":"\n<p>Redacci\u00f3n\/Zona Roja Cdmx.<\/p>\n\n\n\n<p>Ciudad de M\u00e9xico, a 31 de enero de 2023.- La cifra de muertos en un ataque suicida en una mezquita en Pakist\u00e1n subi\u00f3 el martes a 88 personas, seg\u00fan anunci\u00f3 un vocero de un hospital paquistan\u00ed.&nbsp;<\/p>\n\n\n\n<p>El ataque, dentro de una mezquita sun\u00ed en un gran recinto policial, fue uno de los m\u00e1s mortales contra las fuerzas de seguridad paquistan\u00edes en los \u00faltimos a\u00f1os.<\/p>\n\n\n\n<p>Hab\u00eda m\u00e1s de 300 fieles rezando en la mezquita en la ciudad de Peshawar, y hab\u00eda m\u00e1s gente en camino cuando el agresor deton\u00f3 su chaleco explosivo el lunes por la ma\u00f1ana, seg\u00fan las autoridades. La explosi\u00f3n arras\u00f3 la mezquita, dej\u00f3 decenas de muertos y heridos y vol\u00f3 parte del tejado.<\/p>\n\n\n\n<p>Despu\u00e9s lo que quedaba del tejado se derrumb\u00f3, hiriendo a mucho m\u00e1s, indic\u00f3 Zafar Khan, un agente de polic\u00eda. Los rescatistas tuvieron que retirar montones de escombros para llegar a la gente atrapada.<\/p>\n\n\n\n<p>Durante la noche del lunes y la madrugada del martes se retiraron m\u00e1s cuerpos de entre los escombros de la mezquita, indic\u00f3 Mohammad Asim, vocero de un hospital del gobierno en Peshawar, y varios de los heridos graves murieron. \u201cLa mayor\u00eda eran polic\u00edas\u201d, dijo Asim sobre las v\u00edctimas. El ataque dej\u00f3 m\u00e1s de 150 heridos.<\/p>\n\n\n\n<p>Bilal Faizi, director de la oficina de rescates, dijo que las cuadrillas segu\u00edan retirando escombros porque se cre\u00eda que a\u00fan quedaba gente atrapada. Los dolientes comenzaron a enterrar a las v\u00edctimas del atentado el martes en distintos cementerios de Peshawar y otros lugares.<\/p>\n\n\n\n<p>No estaba claro c\u00f3mo pudo el atacante ingresar al complejo ubicado en una zona de alta seguridad rodeado de otros edificios de gobierno, lo que apuntaba a un gran fallo de seguridad.<\/p>\n\n\n\n<p>La investigaci\u00f3n mostrar\u00e1 \u201cc\u00f3mo entr\u00f3 el terrorista en la mezquita\u201d, dijo Ghulam Ali, gobernador provincial de la provincia de Khyber Pakhtunkhwa, de la que Peshawar es la capital. \u201cS\u00ed, fue una brecha de seguridad\u201d.<\/p>\n\n\n\n<p>El primer ministro, Shahbaz Sharif visit\u00f3 un hospital en Peshawar tras el tiroteo y prometi\u00f3 \u201cacciones firmes\u201d contra los responsables.<\/p>\n\n\n\n<p>\u201cLa mera escala de la tragedia humana es inimaginable. Esto no es otra cosa que un ataque contra Pakist\u00e1n\u201d, tuite\u00f3 Shariz. Dio el p\u00e9same a las familias de las v\u00edctimas diciendo que su dolor \u201cno puede describirse en palabras\u201d.<\/p>\n\n\n\n<p>Las autoridades no han determinado qui\u00e9n estaba detr\u00e1s del ataque.<\/p>\n\n\n\n<p>Poco despu\u00e9s de la explosi\u00f3n del lunes, Sarbakaf Mohmand, un comandante del Talib\u00e1n paquistan\u00ed, reclam\u00f3 la autor\u00eda del ataque en Twitter.<\/p>\n\n\n\n<p>(Informaci\u00f3n de AP en \u201cMilenio\u201d)<\/p>\n","protected":false},"excerpt":{"rendered":"<p>Redacci\u00f3n\/Zona Roja Cdmx. Ciudad de M\u00e9xico, a 31 de enero de 2023.- La cifra de&hellip;<\/p>\n","protected":false},"author":2,"featured_media":51106,"comment_status":"closed","ping_status":"open","sticky":false,"template":"","format":"standard","meta":{"_lmt_disableupdate":"","_lmt_disable":"","_jetpack_memberships_contains_paid_content":false,"footnotes":""},"categories":[109,47],"tags":[],"class_list":["post-51105","post","type-post","status-publish","format-standard","has-post-thumbnail","hentry","category-minuto-a-minuto","category-zona-gris"],"jetpack_featured_media_url":"https:\/\/zonaroja.com.mx\/wp-content\/uploads\/2023\/01\/Ataque-mezquita-Pakistan.jpeg","jetpack_sharing_enabled":true,"_links":{"self":[{"href":"https:\/\/zonaroja.com.mx\/index.php?rest_route=\/wp\/v2\/posts\/51105","targetHints":{"allow":["GET"]}}],"collection":[{"href":"https:\/\/zonaroja.com.mx\/index.php?rest_route=\/wp\/v2\/posts"}],"about":[{"href":"https:\/\/zonaroja.com.mx\/index.php?rest_route=\/wp\/v2\/types\/post"}],"author":[{"embeddable":true,"href":"https:\/\/zonaroja.com.mx\/index.php?rest_route=\/wp\/v2\/users\/2"}],"replies":[{"embeddable":true,"href":"https:\/\/zonaroja.com.mx\/index.php?rest_route=%2Fwp%2Fv2%2Fcomments&post=51105"}],"version-history":[{"count":1,"href":"https:\/\/zonaroja.com.mx\/index.php?rest_route=\/wp\/v2\/posts\/51105\/revisions"}],"predecessor-version":[{"id":51107,"href":"https:\/\/zonaroja.com.mx\/index.php?rest_route=\/wp\/v2\/posts\/51105\/revisions\/51107"}],"wp:featuredmedia":[{"embeddable":true,"href":"https:\/\/zonaroja.com.mx\/index.php?rest_route=\/wp\/v2\/media\/51106"}],"wp:attachment":[{"href":"https:\/\/zonaroja.com.mx\/index.php?rest_route=%2Fwp%2Fv2%2Fmedia&parent=51105"}],"wp:term":[{"taxonomy":"category","embeddable":true,"href":"https:\/\/zonaroja.com.mx\/index.php?rest_route=%2Fwp%2Fv2%2Fcategories&post=51105"},{"taxonomy":"post_tag","embeddable":true,"href":"https:\/\/zonaroja.com.mx\/index.php?rest_route=%2Fwp%2Fv2%2Ftags&post=51105"}],"curies":[{"name":"wp","href":"https:\/\/api.w.org\/{rel}","templated":true}]}}