{"id":51108,"date":"2023-01-31T06:58:41","date_gmt":"2023-01-31T12:58:41","guid":{"rendered":"http:\/\/www.zonaroja.com.mx\/?p=51108"},"modified":"2023-01-31T06:58:43","modified_gmt":"2023-01-31T12:58:43","slug":"reunen-por-primera-vez-a-autoridades-de-coatlan-y-sola-de-vega-en-busca-de-paz","status":"publish","type":"post","link":"https:\/\/zonaroja.com.mx\/?p=51108","title":{"rendered":"Re\u00fanen por primera vez a autoridades de Coatl\u00e1n y Sola de Vega en busca de paz"},"content":{"rendered":"\n<p>Redacci\u00f3n\/Zona Roja.<\/p>\n\n\n\n<p>Oaxaca de Ju\u00e1rez, Oax., a 31 de enero de 2023.- Por primera vez, autoridades de Villa Sola de Vega y San Vicente Coatl\u00e1n coincidieron en una reuni\u00f3n de trabajo e incluso presentaron sus cartas de intenci\u00f3n de paz, a fin de dar fin a un conflicto agrario que data de hace medio siglo.<\/p>\n\n\n\n<p>De solucionarse el conflicto, Coatl\u00e1n permitir\u00eda de inmediato que se reanuden los trabajos de la supercarretera Oaxaca-Costa, en su tramo Barranca Larga-Ventanilla, iniciada hace dos sexenios.<\/p>\n\n\n\n<p>El encuentro se realiz\u00f3 ayer en el Centro Cultural y de Convenciones de Oaxaca, ubicado en jurisdicci\u00f3n de Santa Luc\u00eda del Camino, y fue encabezado por el gobernador Salom\u00f3n Jara Cruz.<\/p>\n\n\n\n<p>De acuerdo con un comunicado de prensa, ambas autoridades intercambiaron sus Cartas de Intenci\u00f3n de Paz Duradera, como parte del di\u00e1logo para lograr el avance de la construcci\u00f3n de la autopista Barranca Larga- Ventanilla.<\/p>\n\n\n\n<p>\u201cEn un di\u00e1logo abierto y franco entre pueblos hermanos, las autoridades municipales y comunales se dieron la mano, y acordaron continuar los trabajos hasta lograr una soluci\u00f3n definitiva al conflicto de tierras que mantienen desde hace 50 a\u00f1os.<\/p>\n\n\n\n<p>\u201cYante el Gobernador Salom\u00f3n Jara, refrendaron su buena voluntad para avanzar en la reconciliaci\u00f3n de sus pueblos, porque ya nadie quiere violencia ni enfrentamientos\u201d, refiere el comunicado.<\/p>\n\n\n\n<p>Entre otros compromisos, Jara Cruz destac\u00f3 que dar\u00e1 acompa\u00f1amiento y visitar\u00e1 Sola de Vega para abonar al di\u00e1logo directo y franco entre ambos pueblos para que sus respectivas asambleas tomen determinaci\u00f3n y aprovechen este momento hist\u00f3rico que puede significar superar el conflicto y empezar una \u00e9poca de desarrollo social y crecimiento econ\u00f3mico mediante la continuaci\u00f3n de la s\u00faper carretera que comunicar\u00e1 a Oaxaca con la regi\u00f3n de la Costa.<\/p>\n\n\n\n<p>Llam\u00f3 a las autoridades a exponer a sus asambleas la importancia de esta oportunidad de soluci\u00f3n a la disputa de tierras, y les reconoci\u00f3 su voluntad de continuar el di\u00e1logo y su disposici\u00f3n de que las cosas vayan por buen camino.<\/p>\n\n\n\n<p>En la reuni\u00f3n se hicieron propuestas que ambos municipios llevar\u00e1n a sus respectivas asambleas para que en el corto plazo se logre una soluci\u00f3n definitiva, as\u00ed como la propuesta de un plazo de tiempo que se requiere para la construcci\u00f3n de un puente que no permite interrupciones.<\/p>\n","protected":false},"excerpt":{"rendered":"<p>Redacci\u00f3n\/Zona Roja. Oaxaca de Ju\u00e1rez, Oax., a 31 de enero de 2023.- Por primera vez,&hellip;<\/p>\n","protected":false},"author":2,"featured_media":51109,"comment_status":"closed","ping_status":"open","sticky":false,"template":"","format":"standard","meta":{"_lmt_disableupdate":"","_lmt_disable":"","_jetpack_memberships_contains_paid_content":false,"footnotes":""},"categories":[109,46],"tags":[939],"class_list":["post-51108","post","type-post","status-publish","format-standard","has-post-thumbnail","hentry","category-minuto-a-minuto","category-zona-blanca","tag-salomon-jara-cruz"],"jetpack_featured_media_url":"https:\/\/zonaroja.com.mx\/wp-content\/uploads\/2023\/01\/Reunion-Salomon-Jara-Sola-de-Vega-Coatlan.jpg","jetpack_sharing_enabled":true,"_links":{"self":[{"href":"https:\/\/zonaroja.com.mx\/index.php?rest_route=\/wp\/v2\/posts\/51108","targetHints":{"allow":["GET"]}}],"collection":[{"href":"https:\/\/zonaroja.com.mx\/index.php?rest_route=\/wp\/v2\/posts"}],"about":[{"href":"https:\/\/zonaroja.com.mx\/index.php?rest_route=\/wp\/v2\/types\/post"}],"author":[{"embeddable":true,"href":"https:\/\/zonaroja.com.mx\/index.php?rest_route=\/wp\/v2\/users\/2"}],"replies":[{"embeddable":true,"href":"https:\/\/zonaroja.com.mx\/index.php?rest_route=%2Fwp%2Fv2%2Fcomments&post=51108"}],"version-history":[{"count":1,"href":"https:\/\/zonaroja.com.mx\/index.php?rest_route=\/wp\/v2\/posts\/51108\/revisions"}],"predecessor-version":[{"id":51110,"href":"https:\/\/zonaroja.com.mx\/index.php?rest_route=\/wp\/v2\/posts\/51108\/revisions\/51110"}],"wp:featuredmedia":[{"embeddable":true,"href":"https:\/\/zonaroja.com.mx\/index.php?rest_route=\/wp\/v2\/media\/51109"}],"wp:attachment":[{"href":"https:\/\/zonaroja.com.mx\/index.php?rest_route=%2Fwp%2Fv2%2Fmedia&parent=51108"}],"wp:term":[{"taxonomy":"category","embeddable":true,"href":"https:\/\/zonaroja.com.mx\/index.php?rest_route=%2Fwp%2Fv2%2Fcategories&post=51108"},{"taxonomy":"post_tag","embeddable":true,"href":"https:\/\/zonaroja.com.mx\/index.php?rest_route=%2Fwp%2Fv2%2Ftags&post=51108"}],"curies":[{"name":"wp","href":"https:\/\/api.w.org\/{rel}","templated":true}]}}