{"id":5111,"date":"2019-10-24T21:54:18","date_gmt":"2019-10-25T02:54:18","guid":{"rendered":"http:\/\/www.zonaroja.com.mx\/?p=5111"},"modified":"2019-10-24T21:54:21","modified_gmt":"2019-10-25T02:54:21","slug":"aseguran-que-oaxaca-redujo-del-13-al-10-por-ciento-el-numero-de-analfabetas","status":"publish","type":"post","link":"https:\/\/zonaroja.com.mx\/?p=5111","title":{"rendered":"Aseguran que Oaxaca redujo del 13 al 10 por ciento el n\u00famero de analfabetas"},"content":{"rendered":"\n<p>Redacci\u00f3n\/Zona Roja.<\/p>\n\n\n\n<p>Oaxaca de Ju\u00e1rez, Oax., 24 de octubre\n2019.- Con la presencia del director general del Instituto Nacional para la\nEducaci\u00f3n de los Adultos (INEA), Rodolfo Lara Ponte, la entidad oaxaque\u00f1a fue\nsede hoy de la Reuni\u00f3n Regional de Coordinaci\u00f3n Operativa y Alianzas\nEstrat\u00e9gicas Regi\u00f3n Sureste.<\/p>\n\n\n\n<p>En el encuentro se dio a conocer el\nesfuerzo de Oaxaca al reducir el \u00edndice de analfabetismo de 13 a 10 por ciento,\nadem\u00e1s de se\u00f1alar que las condiciones geogr\u00e1ficas, de pobreza, de comunicaci\u00f3n\ny culturales de cada una de las ocho regiones, representan un reto aparte.<\/p>\n\n\n\n<p>En representaci\u00f3n del gobernador\nAlejandro Murat Hinojosa, el encuentro fue inaugurado por el director general\ndel Instituto Estatal de Educaci\u00f3n P\u00fablica de Oaxaca (IEEPO), Francisco \u00c1ngel\nVillarreal.<\/p>\n\n\n\n<p>En esta reuni\u00f3n participaron directivos\nde 10 estados del pa\u00eds, quienes sentar\u00e1n&nbsp;\nlas bases de un mecanismo para la concertaci\u00f3n, operaci\u00f3n y seguimiento\nde las alianzas en lo local y en lo regional.<\/p>\n\n\n\n<p>El director del IEEPO, mencion\u00f3 que el\ntitular del Poder Ejecutivo, ha buscado de la mano del Presidente Andr\u00e9s Manuel\nL\u00f3pez Obrador, una alianza estrat\u00e9gica para lograr objetivos de trascendencia\nhist\u00f3rica.<\/p>\n\n\n\n<p>En presencia de directivos del\nInstituto Estatal de Educaci\u00f3n para Adultos de Campeche, Chiapas, Guerrero,\nPuebla, Quintana Roo, Tabasco, Tamaulipas, Tlaxcala, Veracruz y Yucat\u00e1n, el\ndirector general del INEA expres\u00f3 que su compromiso es cambiar vidas y realidades,\na pesar del reto ancestral que tiene el estado ya que cerca del 60% de la\npoblaci\u00f3n est\u00e1 en condici\u00f3n de pobreza y un mill\u00f3n de oaxaque\u00f1os sin acceso a\nla educaci\u00f3n.<\/p>\n\n\n\n<p>Por su parte, la directora del IEEA, M\u00edriam\nLiborio, dijo que la Reuni\u00f3n Regional convoca adem\u00e1s de estrechar lazos,\ncompartir experiencias&nbsp; y coordinar\ntrabajos, gestar alianzas que tienen como ingrediente esencial el compromiso\nsocial con quienes la vida no les permiti\u00f3 poseer ese bien intangible que es\ncapaz de romper barreras y generar movilidad social; la educaci\u00f3n.<\/p>\n\n\n\n<p>En el acto de inauguraci\u00f3n tambi\u00e9n&nbsp; estuvieron presentes, el director de\nProspectiva y Evaluaci\u00f3n, Gerardo Molina \u00c1lvarez; la directora de Concertaci\u00f3n\ny Alianzas Estrat\u00e9gicas, Mar\u00eda Susana Scherer Ibarra; y el encargado del\nDespacho de la Direcci\u00f3n de delegaciones y Coordinaci\u00f3n con Institutos\nEstatales, Rodolfo Quintanilla Dur\u00e1n.<\/p>\n","protected":false},"excerpt":{"rendered":"<p>Redacci\u00f3n\/Zona Roja. Oaxaca de Ju\u00e1rez, Oax., 24 de octubre 2019.- Con la presencia del director&hellip;<\/p>\n","protected":false},"author":2,"featured_media":5112,"comment_status":"closed","ping_status":"open","sticky":false,"template":"","format":"standard","meta":{"_lmt_disableupdate":"","_lmt_disable":"","_jetpack_memberships_contains_paid_content":false,"footnotes":""},"categories":[109,46],"tags":[661],"class_list":["post-5111","post","type-post","status-publish","format-standard","has-post-thumbnail","hentry","category-minuto-a-minuto","category-zona-blanca","tag-instituto-estatal-de-educacion-para-adultos"],"jetpack_featured_media_url":"https:\/\/zonaroja.com.mx\/wp-content\/uploads\/2019\/10\/Image-1-36-2.png","jetpack_sharing_enabled":true,"_links":{"self":[{"href":"https:\/\/zonaroja.com.mx\/index.php?rest_route=\/wp\/v2\/posts\/5111","targetHints":{"allow":["GET"]}}],"collection":[{"href":"https:\/\/zonaroja.com.mx\/index.php?rest_route=\/wp\/v2\/posts"}],"about":[{"href":"https:\/\/zonaroja.com.mx\/index.php?rest_route=\/wp\/v2\/types\/post"}],"author":[{"embeddable":true,"href":"https:\/\/zonaroja.com.mx\/index.php?rest_route=\/wp\/v2\/users\/2"}],"replies":[{"embeddable":true,"href":"https:\/\/zonaroja.com.mx\/index.php?rest_route=%2Fwp%2Fv2%2Fcomments&post=5111"}],"version-history":[{"count":1,"href":"https:\/\/zonaroja.com.mx\/index.php?rest_route=\/wp\/v2\/posts\/5111\/revisions"}],"predecessor-version":[{"id":5113,"href":"https:\/\/zonaroja.com.mx\/index.php?rest_route=\/wp\/v2\/posts\/5111\/revisions\/5113"}],"wp:featuredmedia":[{"embeddable":true,"href":"https:\/\/zonaroja.com.mx\/index.php?rest_route=\/wp\/v2\/media\/5112"}],"wp:attachment":[{"href":"https:\/\/zonaroja.com.mx\/index.php?rest_route=%2Fwp%2Fv2%2Fmedia&parent=5111"}],"wp:term":[{"taxonomy":"category","embeddable":true,"href":"https:\/\/zonaroja.com.mx\/index.php?rest_route=%2Fwp%2Fv2%2Fcategories&post=5111"},{"taxonomy":"post_tag","embeddable":true,"href":"https:\/\/zonaroja.com.mx\/index.php?rest_route=%2Fwp%2Fv2%2Ftags&post=5111"}],"curies":[{"name":"wp","href":"https:\/\/api.w.org\/{rel}","templated":true}]}}