{"id":51111,"date":"2023-01-31T08:30:00","date_gmt":"2023-01-31T14:30:00","guid":{"rendered":"http:\/\/www.zonaroja.com.mx\/?p=51111"},"modified":"2023-01-31T07:12:34","modified_gmt":"2023-01-31T13:12:34","slug":"corcholatas-de-morena-hacen-proselitismo-en-la-camara-de-diputados","status":"publish","type":"post","link":"https:\/\/zonaroja.com.mx\/?p=51111","title":{"rendered":"\u00abCorcholatas\u00bb de Morena hacen proselitismo en la C\u00e1mara de Diputados"},"content":{"rendered":"\n<p>Redacci\u00f3n\/Zona Roja Cdmx. Foto: El Economista<\/p>\n\n\n\n<p>Ciudad de M\u00e9xico, a 31 de enero de 2023.- Ante un llamado de unidad, este lunes desfilaron por la C\u00e1mara de Diputados las llamadas \u201ccorcholatas\u201d presidenciables de Morena.<\/p>\n\n\n\n<p>El secretario de Gobernaci\u00f3n, Ad\u00e1n Augusto L\u00f3pez; la jefa de gobierno de la Ciudad de M\u00e9xico, Claudia Sheinbaum; el secretario de Relaciones Exteriores, Marcelo Ebrard; as\u00ed como Ricardo Monreal, coordinador de la bancada morenista en el Senado y el diputado del PT, Gerardo Fern\u00e1ndez Noro\u00f1a, dejaron ver ante los diputados federales su clara intenci\u00f3n de ser aspirantes a la candidatura a la presidencia por parte del partido Movimiento Regeneraci\u00f3n Nacional.<\/p>\n\n\n\n<p>MUCHA POL\u00cdTICA<\/p>\n\n\n\n<p>Durante su aparici\u00f3n en la V Reuni\u00f3n Plenaria del grupo parlamentario de Morena en San L\u00e1zaro, el titular de la Secretar\u00eda de Gobernaci\u00f3n (Segob), Ad\u00e1n Augusto L\u00f3pez, inst\u00f3 a los legisladores a que este a\u00f1o lo dediquen a hacer mucha pol\u00edtica en el territorio para que sea ratificado el proyecto de la 4 transformaci\u00f3n.<\/p>\n\n\n\n<p>\u201cAqu\u00ed en la c\u00e1mara tiene que verse reflejado tambi\u00e9n en sus espacios, en su territorio. Y pues todo eso va a servir, a contribuir enormemente para que el pr\u00f3ximo a\u00f1o pues el movimiento al que ustedes representan, los partidos, el partido al que ustedes representan pues pueda ver ratificado ese resultado en las urnas\u201d, expres\u00f3 a los legisladores.<\/p>\n\n\n\n<p>M\u00e1s tarde, al ser cuestionado sobre las acusaciones de que \u00e9l buscaba destazar al Instituto Nacional Electoral (INE) con el llamado \u00abPlan B\u00bb de la reforma electoral, el funcionario federal rechaz\u00f3 los se\u00f1alamientos del consejero presidente del INE, Lorenzo C\u00f3rdova, al tiempo que defendi\u00f3 que \u201clas reformas a las leyes secundarias si hablan de compactaci\u00f3n por las que va a haber un ahorro de m\u00e1s menos 5,000 millones de pesos anuales, pero no hay despido de trabajadores contemplado en la ley\u201d.<\/p>\n\n\n\n<p>DEFENDER LA 4T<\/p>\n\n\n\n<p>En su turno, la jefa de Gobierno de la Ciudad de M\u00e9xico, Claudia Sheinbaum, llam\u00f3 a defender ante todo el proyecto de la cuarta transformaci\u00f3n, no sin antes pedir a los legisladores atajar \u201ctodas las calumnias\u201d contra cualquier morenista, incluida ella por las cr\u00edticas y se\u00f1alamientos de los que ha sido objeto por los incidentes en el Metro de la Ciudad.<\/p>\n\n\n\n<p>\u201cCompa\u00f1ero que sea calumniado, compa\u00f1ero que tiene que ser defendido, porque esa es la unidad y no lo digo por m\u00ed, lo digo por todos. Aqu\u00ed estamos todos juntos, porque la cr\u00edtica que nos hacen es al proyecto, no a la persona\u201d, subray\u00f3.<\/p>\n\n\n\n<p>En su visita a San L\u00e1zaro, Sheinbaum aprovech\u00f3 para resaltar el m\u00e9todo de elecci\u00f3n con el que cuenta Morena para la candidatura presidencial, pues dijo, \u201ctenemos m\u00e9todo y por encima de todo est\u00e1 el proyecto, el bienestar del pueblo; por encima de todo est\u00e1 la unidad\u201d.<\/p>\n\n\n\n<p>Cabe se\u00f1alar que pese a que el coordinador de la bancada, Ignacio Mier Velazco, pidi\u00f3 a los diputados no hacer expresiones a favor de las llamadas \u201ccorcholatas\u201d, no faltaron los gritos de apoyo para la jefa de Gobierno de la capital del pa\u00eds, a quien algunos legisladores le gritaron \u201c\u00a1presidenta, presidenta!\u201d al t\u00e9rmino de una conferencia de prensa.<\/p>\n\n\n\n<p>REPETAR\u00c1 ENCUESTA<\/p>\n\n\n\n<p>M\u00e1s tarde, el senador de Morena, Ricardo Monreal \u00c1vila, dijo que respetar\u00e1 los resultados de la encuesta del partido para seleccionar al abanderado presidencial para 2024, siempre y cuando \u00e9l participe.<\/p>\n\n\n\n<p>\u201cSi nos ponemos de acuerdo con las encuestas, por supuesto que honrar\u00e9 los resultados. Si yo participo en cualquier ejercicio de este tipo, la regla fundamental es que respete los resultados y no creo que suceda de otra manera\u201d, afirm\u00f3 Monreal \u00c1vila durante su participaci\u00f3n en la reuni\u00f3n plenaria de los diputados de Morena, luego de ser criticado por tener acercamientos con la oposici\u00f3n y los amagos con salir del partido.<\/p>\n\n\n\n<p>En este sentido, el senador reclam\u00f3 que la decisi\u00f3n de incluirlo en la lista de las llamadas \u201ccorcholatas\u201d fue por decisi\u00f3n del presidente Andr\u00e9s Manuel L\u00f3pez Obrador y no del dirigente nacional de Morena, Mario Delgado Carrillo.<\/p>\n\n\n\n<p>\u201cNo soy ingenuo, si se incluy\u00f3 mi nombre es porque el principal activo de Morena lo autoriz\u00f3, el presidente de M\u00e9xico. No soy ingenuo, no es una decisi\u00f3n de Mario, es una decisi\u00f3n del presidente y yo sabr\u00e9 honrarla\u201d, destac\u00f3 Monreal \u00c1vila. \u201cEs un gesto de cortes\u00eda pol\u00edtica y yo lo acepto como tal\u201d, agreg\u00f3.<\/p>\n\n\n\n<p>RESPETO A ENCUESTA<\/p>\n\n\n\n<p>El canciller mexicano, Marcelo Ebrard, quien fue la \u00faltima \u00abcorcholata\u00bb en presentarse en la plenaria, fue recibido en la C\u00e1mara de Diputados con mariachis, peluches y porras de algunos diputados simpatizantes, al grito de: \u201cMarcelo Presidente\u201d y \u201cmi carnal Marcelo\u201d.<\/p>\n\n\n\n<p>Durante su intervenci\u00f3n, el titular de la Secretar\u00eda de Relaciones Exteriores (SRE) destac\u00f3 parte de las acciones de pol\u00edtica exterior que ha impulsado, entre ellas la demanda por tr\u00e1fico de armas en Estados Unidos.<\/p>\n\n\n\n<p>Posteriormente, Ebrard se dijo confiado en que saldr\u00e1 bien en la encuesta que realice su partido para la elecci\u00f3n presidencial de 2024.<\/p>\n\n\n\n<p>\u201cEl m\u00e9todo se ha dicho es una encuesta, se respeta, que sea abierta, sea transparente \u00bfpor qu\u00e9 no? Estamos muy requeteconfiados en que nos va a ir bien\u2026 Nom\u00e1s pedimos que se respeten los acuerdos, que la encuesta se lleve bien a cabo, que est\u00e9 bien hecha y la gente pueda participar\u201d, a\u00f1adi\u00f3.<\/p>\n\n\n\n<p>(Informaci\u00f3n de \u201cEl Economista\u201d)<\/p>\n","protected":false},"excerpt":{"rendered":"<p>Redacci\u00f3n\/Zona Roja Cdmx. Foto: El Economista Ciudad de M\u00e9xico, a 31 de enero de 2023.-&hellip;<\/p>\n","protected":false},"author":2,"featured_media":51112,"comment_status":"closed","ping_status":"open","sticky":false,"template":"","format":"standard","meta":{"_lmt_disableupdate":"","_lmt_disable":"","_jetpack_memberships_contains_paid_content":false,"footnotes":""},"categories":[109,47],"tags":[],"class_list":["post-51111","post","type-post","status-publish","format-standard","has-post-thumbnail","hentry","category-minuto-a-minuto","category-zona-gris"],"jetpack_featured_media_url":"https:\/\/zonaroja.com.mx\/wp-content\/uploads\/2023\/01\/Corcholatas-de-Morena-con-legisladores.webp","jetpack_sharing_enabled":true,"_links":{"self":[{"href":"https:\/\/zonaroja.com.mx\/index.php?rest_route=\/wp\/v2\/posts\/51111","targetHints":{"allow":["GET"]}}],"collection":[{"href":"https:\/\/zonaroja.com.mx\/index.php?rest_route=\/wp\/v2\/posts"}],"about":[{"href":"https:\/\/zonaroja.com.mx\/index.php?rest_route=\/wp\/v2\/types\/post"}],"author":[{"embeddable":true,"href":"https:\/\/zonaroja.com.mx\/index.php?rest_route=\/wp\/v2\/users\/2"}],"replies":[{"embeddable":true,"href":"https:\/\/zonaroja.com.mx\/index.php?rest_route=%2Fwp%2Fv2%2Fcomments&post=51111"}],"version-history":[{"count":1,"href":"https:\/\/zonaroja.com.mx\/index.php?rest_route=\/wp\/v2\/posts\/51111\/revisions"}],"predecessor-version":[{"id":51113,"href":"https:\/\/zonaroja.com.mx\/index.php?rest_route=\/wp\/v2\/posts\/51111\/revisions\/51113"}],"wp:featuredmedia":[{"embeddable":true,"href":"https:\/\/zonaroja.com.mx\/index.php?rest_route=\/wp\/v2\/media\/51112"}],"wp:attachment":[{"href":"https:\/\/zonaroja.com.mx\/index.php?rest_route=%2Fwp%2Fv2%2Fmedia&parent=51111"}],"wp:term":[{"taxonomy":"category","embeddable":true,"href":"https:\/\/zonaroja.com.mx\/index.php?rest_route=%2Fwp%2Fv2%2Fcategories&post=51111"},{"taxonomy":"post_tag","embeddable":true,"href":"https:\/\/zonaroja.com.mx\/index.php?rest_route=%2Fwp%2Fv2%2Ftags&post=51111"}],"curies":[{"name":"wp","href":"https:\/\/api.w.org\/{rel}","templated":true}]}}