{"id":51124,"date":"2023-01-31T09:20:00","date_gmt":"2023-01-31T15:20:00","guid":{"rendered":"http:\/\/www.zonaroja.com.mx\/?p=51124"},"modified":"2023-01-31T08:22:22","modified_gmt":"2023-01-31T14:22:22","slug":"gobierno-de-murat-desatendio-conflictos-en-maco-y-museo-rufino-tamayo","status":"publish","type":"post","link":"https:\/\/zonaroja.com.mx\/?p=51124","title":{"rendered":"Gobierno de Murat desatendi\u00f3 conflictos en MACO y Museo \u201cRufino Tamayo\u201d"},"content":{"rendered":"\n<p>Ismael Garc\u00eda M.\/Zona Roja.<\/p>\n\n\n\n<p>Oaxaca de Ju\u00e1rez, Oax., a 31 de enero de 2023.- El gobierno de Alejandro Murat Hinojosa desatendi\u00f3 el conflicto en el Museo de Arte Contempor\u00e1neo de Oaxaca (MACO) y no mostr\u00f3 inter\u00e9s por apoyar el Museo \u201cRufino Tamayo\u201d.<\/p>\n\n\n\n<p>\u201cHubo desinter\u00e9s total de gobiernos anteriores por darle seguimiento e impulso para que la asociaci\u00f3n civil (Amigos del MACO) tuvieran seguimiento puntual y lograr su funcionamiento\u201d, dijo el consejero Jur\u00eddico del gobierno estatal, Geovany V\u00e1squez Sagrero.<\/p>\n\n\n\n<p>En la conferencia de prensa del gobernador Salom\u00f3n Jara, precis\u00f3 que la administraci\u00f3n estatal, a trav\u00e9s de la Secretar\u00eda de Cultura que encabeza V\u00edctor Cata, est\u00e1 interesada en atender y resolver las problem\u00e1ticas a la brevedad.<\/p>\n\n\n\n<p>En el caso del MACO, donde se mantiene una demanda laboral, tras una revisi\u00f3n documental, dijo que se hall\u00f3 que en 2019 se suscribi\u00f3 un contrato de donaci\u00f3n con cuatro millones de pesos por parte del donante y dos millones de pesos por la donataria, con lo cual se constituy\u00f3 la asociaci\u00f3n civil; no obstante, luego de los problemas laborales, qued\u00f3 inactiva.<\/p>\n\n\n\n<p>\u201cEstamos en la intervenci\u00f3n, estamos interesados junto con el secretario de Cultura en el tema, tenemos la documentaci\u00f3n y en su caso emprenderemos las acciones legales para saber el por qu\u00e9 de los malos manejos y que ha impedido funcionamiento normal\u201d, dijo V\u00e1squez Sagrero.<\/p>\n\n\n\n<p>Con respecto al Museo \u201cRufino Tamayo\u201d, que mantiene cerradas sus puertas, inform\u00f3 que desde el a\u00f1o 2007 hubo un subsidio de Instituto Nacional de Bellas Artes (Inbal); sin embargo, no estaba dentro de la estructura institucional.<\/p>\n\n\n\n<p>Se hizo la revisi\u00f3n del funcionamiento y el subsidio y se detect\u00f3 que en 2018 ya no pudo seguir el apoyo del subsidio porque no se encontraba regulado, tras lo cual se conform\u00f3 un patronato que tiene familia del pintor Rufino Tamayo.<\/p>\n\n\n\n<p>\u201cNo hubo atenci\u00f3n por por parte del gobierno anterior a la problem\u00e1tica, el patronato ya se qued\u00f3 sin recursos. Hay propuesta de convenio que se est\u00e1 generando, llegando a acuerdos a trav\u00e9s de la Secretar\u00eda de Cultura para suscribir un convenio con el gobierno.<\/p>\n\n\n\n<p>\u201cLa visi\u00f3n de es que no tienen que manejarse como instituciones privadas, si se llegan a acuerdos, tienen que ser p\u00fablicos, es la instrucci\u00f3n de gobernador Salom\u00f3n Jara; el servicio deber\u00e1 ser de car\u00e1cter p\u00fablico y quien est\u00e9 al frente no podr\u00e1 lucrar como si fuera patrimonio privado\u201d, remarc\u00f3 el consejero Jur\u00eddico.<\/p>\n\n\n\n<figure class=\"wp-block-embed is-type-rich is-provider-twitter wp-block-embed-twitter\"><div class=\"wp-block-embed__wrapper\">\n<div class=\"twitter-tweet\"><blockquote class=\"twitter-tweet\" data-lang=\"es\"><p lang=\"es\" dir=\"ltr\">En temas de cultura en la conferencia de <a href=\"https:\/\/twitter.com\/salomonj?ref_src=twsrc%5Etfw\">@salomonj<\/a>, \u00bfqu\u00e9 ha pasado con el <a href=\"https:\/\/twitter.com\/MACOaxaca?ref_src=twsrc%5Etfw\">@MACOaxaca<\/a>? \u00bfY cu\u00e1l es la situaci\u00f3n del Museo Rufino Tamayo?<br>As\u00ed lo explic\u00f3 el consejero Jur\u00eddico del <a href=\"https:\/\/twitter.com\/GobOax?ref_src=twsrc%5Etfw\">@goboax<\/a>, <a href=\"https:\/\/twitter.com\/geovanyvasquez?ref_src=twsrc%5Etfw\">@geovanyvasquez<\/a>: <a href=\"https:\/\/t.co\/pnNs5MgUZr\">pic.twitter.com\/pnNs5MgUZr<\/a><\/p>&mdash; Zona Roja Oaxaca (@ZonaRoja_Oaxaca) <a href=\"https:\/\/twitter.com\/ZonaRoja_Oaxaca\/status\/1620239710521266177?ref_src=twsrc%5Etfw\">31 de enero de 2023<\/a><\/blockquote><\/div>\n<\/div><\/figure>\n","protected":false},"excerpt":{"rendered":"<p>Ismael Garc\u00eda M.\/Zona Roja. Oaxaca de Ju\u00e1rez, Oax., a 31 de enero de 2023.- El&hellip;<\/p>\n","protected":false},"author":2,"featured_media":51125,"comment_status":"closed","ping_status":"open","sticky":false,"template":"","format":"standard","meta":{"_lmt_disableupdate":"","_lmt_disable":"","_jetpack_memberships_contains_paid_content":false,"footnotes":""},"categories":[109,46],"tags":[3356],"class_list":["post-51124","post","type-post","status-publish","format-standard","has-post-thumbnail","hentry","category-minuto-a-minuto","category-zona-blanca","tag-geovany-vasquez-sagrero"],"jetpack_featured_media_url":"https:\/\/zonaroja.com.mx\/wp-content\/uploads\/2023\/01\/Geovany-Vasquez-Sagrero.jpeg","jetpack_sharing_enabled":true,"_links":{"self":[{"href":"https:\/\/zonaroja.com.mx\/index.php?rest_route=\/wp\/v2\/posts\/51124","targetHints":{"allow":["GET"]}}],"collection":[{"href":"https:\/\/zonaroja.com.mx\/index.php?rest_route=\/wp\/v2\/posts"}],"about":[{"href":"https:\/\/zonaroja.com.mx\/index.php?rest_route=\/wp\/v2\/types\/post"}],"author":[{"embeddable":true,"href":"https:\/\/zonaroja.com.mx\/index.php?rest_route=\/wp\/v2\/users\/2"}],"replies":[{"embeddable":true,"href":"https:\/\/zonaroja.com.mx\/index.php?rest_route=%2Fwp%2Fv2%2Fcomments&post=51124"}],"version-history":[{"count":1,"href":"https:\/\/zonaroja.com.mx\/index.php?rest_route=\/wp\/v2\/posts\/51124\/revisions"}],"predecessor-version":[{"id":51126,"href":"https:\/\/zonaroja.com.mx\/index.php?rest_route=\/wp\/v2\/posts\/51124\/revisions\/51126"}],"wp:featuredmedia":[{"embeddable":true,"href":"https:\/\/zonaroja.com.mx\/index.php?rest_route=\/wp\/v2\/media\/51125"}],"wp:attachment":[{"href":"https:\/\/zonaroja.com.mx\/index.php?rest_route=%2Fwp%2Fv2%2Fmedia&parent=51124"}],"wp:term":[{"taxonomy":"category","embeddable":true,"href":"https:\/\/zonaroja.com.mx\/index.php?rest_route=%2Fwp%2Fv2%2Fcategories&post=51124"},{"taxonomy":"post_tag","embeddable":true,"href":"https:\/\/zonaroja.com.mx\/index.php?rest_route=%2Fwp%2Fv2%2Ftags&post=51124"}],"curies":[{"name":"wp","href":"https:\/\/api.w.org\/{rel}","templated":true}]}}