{"id":51127,"date":"2023-01-31T12:22:00","date_gmt":"2023-01-31T18:22:00","guid":{"rendered":"http:\/\/www.zonaroja.com.mx\/?p=51127"},"modified":"2023-01-31T19:00:02","modified_gmt":"2023-02-01T01:00:02","slug":"pemd","status":"publish","type":"post","link":"https:\/\/zonaroja.com.mx\/?p=51127","title":{"rendered":"Normalistas \u201chuevones\u201d, la queja ciudadana mientras gobierno desatiende demandas"},"content":{"rendered":"\n<p>Yuridiana Sosa\/ Zona Roja.&nbsp;<\/p>\n\n\n\n<p>Oaxaca de Ju\u00e1rez, Oax., a 31 de enero de 2023.- Mientras que el IEEPO ignora el pliego petitorio de los normalistas de Oaxaca, la ciudadan\u00eda paga las consecuencias de la desatenci\u00f3n, ante la movilizaci\u00f3n de quienes buscan ser maestros en la entidad.&nbsp;<\/p>\n\n\n\n<p>Pasando&nbsp;las 11:00&nbsp;horas comenz\u00f3 un colapso vial en el Centro Hist\u00f3rico de la capital, donde egresados de las 11 normales del estado se movilizaron en protesta para exigir la contrataci\u00f3n directa.&nbsp;<\/p>\n\n\n\n<p>La avenida Independencia fue el epicentro de la \u201ctoma\u201d de unidades del transporte urbano que sirvieron para el bloqueo de calles, afectando la circulaci\u00f3n en las vialidades de Crespo, J.P. Garc\u00eda, Tonico y Palacios, la avenida&nbsp;20 de Noviembre&nbsp;y Porfirio Diaz.<\/p>\n\n\n\n<p>Para algunos es casi habitual sortear estas afectaciones, pero para otros, es un todo un reto y hasta le obstrucci\u00f3n a su fuente de ingresos.&nbsp;<\/p>\n\n\n\n<p>La vulnerabilidad de algunos ciudadanos qued\u00f3 expuesta ante el bloqueo, como el de una mujer de la tercera edad, que con todo y sus dolencias en las piernas para desplazarse tuvo que hacerlo por un tramo m\u00e1s largo luego que la unidad en la que viajaba fue \u201ctomada\u201d.<\/p>\n\n\n\n<p>\u201cCabrones, que quieren plazas gratis\u201d, expres\u00f3 la anciana con enojo frente a los normalistas, mientras cruzaba con esfuerzo la calle bloqueada.&nbsp;<\/p>\n\n\n\n<p>El bloqueo ech\u00f3 a perder la emotiva ma\u00f1ana de la se\u00f1ora, quien a prop\u00f3sito de la celebraci\u00f3n de la \u201cCandelaria\u201d que ser\u00e1 en dos d\u00edas, se dirigi\u00f3 de Santa Cruz Xoxocotl\u00e1n a la capital para ir por su Ni\u00f1o Dios.<\/p>\n\n\n\n<p>\u201cTenemos que caminar por estos pinches huevones que quieren plazas gratis\u201d, recalc\u00f3 la mujer sin temor y sin dudarlo frente a ZONA ROJA. &nbsp;&nbsp;<\/p>\n\n\n\n<p>\u201cCuantos estudiantes son y ellos saliendo quieren (plazas), esos son chingaderas, y luego ni pasan el pinche examen, ni estudian, pero si se pasan, ah\u00ed hay alguien que los maneja\u201d, agreg\u00f3 a sus reflexiones la se\u00f1ora con clara expresi\u00f3n de molestia. \u201cS\u00ed encabrona\u201d, afirm\u00f3.&nbsp;<\/p>\n\n\n\n<p>Pero no fue la \u00fanica persona del sector vulnerable afectada, pues una persona ciega que se dedica a cantar en los urbanos como su \u00fanica fuente de ingresos, no lo puedo hacer hoy desde las rutas habituales.&nbsp;<\/p>\n\n\n\n<p>Con todo y eso encar\u00f3 a unos de los manifestantes, quien no le permit\u00eda el paso. Tras aclarar la situaci\u00f3n, el hombre busc\u00f3 un nuevo camino, nueva ruta para seguir con su d\u00eda de trabajo.<\/p>\n\n\n\n<figure class=\"wp-block-embed is-type-rich is-provider-twitter wp-block-embed-twitter\"><div class=\"wp-block-embed__wrapper\">\n<div class=\"twitter-tweet\"><blockquote class=\"twitter-tweet\" data-lang=\"es\"><p lang=\"es\" dir=\"ltr\"><a href=\"https:\/\/twitter.com\/hashtag\/ENVIVO?src=hash&amp;ref_src=twsrc%5Etfw\">#ENVIVO<\/a><br>Oaxaca de Ju\u00e1rez, Oax.: 31 de enero de 2023.- Egresados de escuelas normales de Oaxaca \u201ctoman\u201d camiones de pasajeros y bloquean tres cruceros de la avenida Independencia en la capital.<br>Transmisi\u00f3n <br>\ud83d\udc47<a href=\"https:\/\/t.co\/WiYxHFvv5L\">https:\/\/t.co\/WiYxHFvv5L<\/a> <a href=\"https:\/\/t.co\/Hojb7rwU4E\">pic.twitter.com\/Hojb7rwU4E<\/a><\/p>&mdash; Zona Roja Oaxaca (@ZonaRoja_Oaxaca) <a href=\"https:\/\/twitter.com\/ZonaRoja_Oaxaca\/status\/1620486757094690820?ref_src=twsrc%5Etfw\">31 de enero de 2023<\/a><\/blockquote><\/div>\n<\/div><\/figure>\n\n\n\n<p>IGNORADOS&nbsp;<\/p>\n\n\n\n<p>Desde hace casi tres semanas el gobierno mantiene \u201carchivado\u201d el pliego de peticiones entregado por los egresados normalistas de la generaci\u00f3n 2018-2022, lo que motiv\u00f3 la protesta de&nbsp;este martes.<\/p>\n\n\n\n<p>Ni el gobernador Salom\u00f3n Jara Cruz ni el titular del Instituto Estatal de Educaci\u00f3n P\u00fablica de Oaxaca (IEEPO), Emilio Montero P\u00e9rez, han hecho contacto con los quejosos para por lo menos atender en mesa de di\u00e1logo sus peticiones, apuntaron los normalistas en conferencia de prensa.<\/p>\n\n\n\n<p>Los 820 egresados quieren plazas directas y rechazan el mecanismo de la Unidad para el Sistema de la Carrera de las Maestras y los Maestros (USICAMM) para la contrataci\u00f3n de docentes por medio de una evaluaci\u00f3n.&nbsp;<\/p>\n\n\n\n<p>Durante la conferencia con medios, en medio del bloqueo, justificaron que el rechazo al dicho mecanismo de la USICAMM es porque ignora las caracter\u00edsticas pluriculturales y el contexto de Oaxaca para la docencia, por lo que demandan a los gobiernos contrataci\u00f3n acorde a las necesidades de la entidad.&nbsp;<\/p>\n\n\n\n<p>La movilizaci\u00f3n se desarroll\u00f3 de manera pac\u00edfica en comparaci\u00f3n a jornada pasadas, en las que agred\u00edan a choferes, pasajeros, transe\u00fantes y la prensa. <\/p>\n\n\n\n<figure class=\"wp-block-embed is-type-rich is-provider-twitter wp-block-embed-twitter\"><div class=\"wp-block-embed__wrapper\">\n<div class=\"twitter-tweet\"><blockquote class=\"twitter-tweet\" data-lang=\"es\"><p lang=\"es\" dir=\"ltr\">\u201cNo me vengas aqu\u00ed a agandallar, \u00a1h\u00e1blame bien y me voy! \u00a1P\u00eddemelo por favor!\u201d: reclamo de un invidente.<br><br>\u201cEsos pinches huevones que quieren plazas gratis\u201d: reclamo de una ciudadana. <br><br>Irritaci\u00f3n social por bloqueos.<br><br>Y la autoridad del <a href=\"https:\/\/twitter.com\/GobOax?ref_src=twsrc%5Etfw\">@goboax<\/a> y el <a href=\"https:\/\/twitter.com\/MunicipioOaxaca?ref_src=twsrc%5Etfw\">@MunicipioOaxaca<\/a>, indolente. <a href=\"https:\/\/t.co\/9j8a3P3J3E\">pic.twitter.com\/9j8a3P3J3E<\/a><\/p>&mdash; Zona Roja Oaxaca (@ZonaRoja_Oaxaca) <a href=\"https:\/\/twitter.com\/ZonaRoja_Oaxaca\/status\/1620578634007482370?ref_src=twsrc%5Etfw\">1 de febrero de 2023<\/a><\/blockquote><\/div>\n<\/div><\/figure>\n","protected":false},"excerpt":{"rendered":"<p>Yuridiana Sosa\/ Zona Roja.&nbsp; Oaxaca de Ju\u00e1rez, Oax., a 31 de enero de 2023.- Mientras&hellip;<\/p>\n","protected":false},"author":2,"featured_media":51129,"comment_status":"closed","ping_status":"open","sticky":false,"template":"","format":"standard","meta":{"_lmt_disableupdate":"","_lmt_disable":"","_jetpack_memberships_contains_paid_content":false,"footnotes":""},"categories":[109,47],"tags":[1916],"class_list":["post-51127","post","type-post","status-publish","format-standard","has-post-thumbnail","hentry","category-minuto-a-minuto","category-zona-gris","tag-protestas-estudiantes-normalistas-de-oaxaca"],"jetpack_featured_media_url":"https:\/\/zonaroja.com.mx\/wp-content\/uploads\/2023\/01\/e4604530-1651-4299-a333-5062a8018cd0.jpg","jetpack_sharing_enabled":true,"_links":{"self":[{"href":"https:\/\/zonaroja.com.mx\/index.php?rest_route=\/wp\/v2\/posts\/51127","targetHints":{"allow":["GET"]}}],"collection":[{"href":"https:\/\/zonaroja.com.mx\/index.php?rest_route=\/wp\/v2\/posts"}],"about":[{"href":"https:\/\/zonaroja.com.mx\/index.php?rest_route=\/wp\/v2\/types\/post"}],"author":[{"embeddable":true,"href":"https:\/\/zonaroja.com.mx\/index.php?rest_route=\/wp\/v2\/users\/2"}],"replies":[{"embeddable":true,"href":"https:\/\/zonaroja.com.mx\/index.php?rest_route=%2Fwp%2Fv2%2Fcomments&post=51127"}],"version-history":[{"count":4,"href":"https:\/\/zonaroja.com.mx\/index.php?rest_route=\/wp\/v2\/posts\/51127\/revisions"}],"predecessor-version":[{"id":51134,"href":"https:\/\/zonaroja.com.mx\/index.php?rest_route=\/wp\/v2\/posts\/51127\/revisions\/51134"}],"wp:featuredmedia":[{"embeddable":true,"href":"https:\/\/zonaroja.com.mx\/index.php?rest_route=\/wp\/v2\/media\/51129"}],"wp:attachment":[{"href":"https:\/\/zonaroja.com.mx\/index.php?rest_route=%2Fwp%2Fv2%2Fmedia&parent=51127"}],"wp:term":[{"taxonomy":"category","embeddable":true,"href":"https:\/\/zonaroja.com.mx\/index.php?rest_route=%2Fwp%2Fv2%2Fcategories&post=51127"},{"taxonomy":"post_tag","embeddable":true,"href":"https:\/\/zonaroja.com.mx\/index.php?rest_route=%2Fwp%2Fv2%2Ftags&post=51127"}],"curies":[{"name":"wp","href":"https:\/\/api.w.org\/{rel}","templated":true}]}}