{"id":51131,"date":"2023-01-31T18:54:05","date_gmt":"2023-02-01T00:54:05","guid":{"rendered":"http:\/\/www.zonaroja.com.mx\/?p=51131"},"modified":"2023-01-31T18:54:08","modified_gmt":"2023-02-01T00:54:08","slug":"padre-de-abigail-h-u-insiste-en-apoyo-de-amlo-para-hacer-justicia-no-lo-oyen","status":"publish","type":"post","link":"https:\/\/zonaroja.com.mx\/?p=51131","title":{"rendered":"Padre de Abigail H. U. insiste en apoyo de AMLO para hacer justicia\u2026 no lo oyen"},"content":{"rendered":"\n<p>Ismael Garc\u00eda M.\/Zona Roja.<\/p>\n\n\n\n<p>Oaxaca de Ju\u00e1rez, Oax., a 31 de enero de 2023.- Por segunda ocasi\u00f3n, el se\u00f1or Jos\u00e9 Luis Hay Hay, padre de la joven Abigail H. U., muerta hace cinco meses en una celda de Salina Cruz, pidi\u00f3 la intervenci\u00f3n del Presidente Andr\u00e9s Manuel L\u00f3pez Obrador para lograr justicia.<\/p>\n\n\n\n<p>\u201cDesde mi tristeza por la p\u00e9rdida de mi hija, y que no he visto a mi nietecito desde la fecha en que la fui a recoger a la c\u00e1rcel municipal de Salina Cruz, no he parado de buscar justicia, no ha llegado a\u00fan y mi dolor es profundo\u201d, expone en la misiva enviada hoy.<\/p>\n\n\n\n<p>A\u00f1ade que desde el 1 de octubre del 2022 que platic\u00f3 con el mandatario sobre el caso de su hija Abigail, a tres meses y ocho d\u00edas de su muerte, \u201cel caso sigue impune, las dos personas detenidas, polic\u00edas municipales de nombre Joel Alberto Luis Vel\u00e1zquez y Rafael Ram\u00edrez V\u00e1zquez V, ya fueron liberados por el juez de control de Salina Cruz.<\/p>\n\n\n\n<p>Ello porque \u00absupuestamente la Fiscal\u00eda no acredit\u00f3 la responsabilidad, mismo que considero hay altos acuerdos de impunidad, acuerdos con la autoridad municipal de Salina Cruz Oaxaca Daniel M\u00e9ndez, y dem\u00e1s autoridades y servidores p\u00fablicos del estado de Oaxaca, a esto se le llama corrupci\u00f3n, ya que los reintegr\u00f3 sin ning\u00fan tipo de sanci\u00f3n a su cargo\u201d.<\/p>\n\n\n\n<p>Agrega que a cinco meses de la muerte de su hija no hay ning\u00fan detenido, el Juez cambi\u00f3 la medida de prisi\u00f3n y dej\u00f3 en libertad al director de la Polic\u00eda Municipal as\u00ed como al Juez Calificador para llevar desde su casa el proceso.<\/p>\n\n\n\n<figure class=\"wp-block-embed is-type-rich is-provider-twitter wp-block-embed-twitter\"><div class=\"wp-block-embed__wrapper\">\n<div class=\"twitter-tweet\"><blockquote class=\"twitter-tweet\" data-lang=\"es\"><p lang=\"es\" dir=\"ltr\">\ud83d\udcc3CARTA P\u00daBLICA DE JOS\u00c9 LUIS HAY HAY AL PRESIDENTE <a href=\"https:\/\/twitter.com\/lopezobrador_?ref_src=twsrc%5Etfw\">@lopezobrador_<\/a> <a href=\"https:\/\/twitter.com\/GobiernoMX?ref_src=twsrc%5Etfw\">@GobiernoMX<\/a> <a href=\"https:\/\/twitter.com\/SEGOB_mx?ref_src=twsrc%5Etfw\">@SEGOB_mx<\/a> <a href=\"https:\/\/twitter.com\/A_Encinas_R?ref_src=twsrc%5Etfw\">@A_Encinas_R<\/a> <a href=\"https:\/\/twitter.com\/CEAVmex?ref_src=twsrc%5Etfw\">@CEAVmex<\/a> <a href=\"https:\/\/twitter.com\/CONAVIM_MX?ref_src=twsrc%5Etfw\">@CONAVIM_MX<\/a> <a href=\"https:\/\/twitter.com\/inmujeres?ref_src=twsrc%5Etfw\">@inmujeres<\/a> <a href=\"https:\/\/twitter.com\/jesusromerooax?ref_src=twsrc%5Etfw\">@jesusromerooax<\/a> <a href=\"https:\/\/twitter.com\/tsjoaxaca?ref_src=twsrc%5Etfw\">@tsjoaxaca<\/a> <a href=\"https:\/\/twitter.com\/FISCALIA_GobOax?ref_src=twsrc%5Etfw\">@FISCALIA_GobOax<\/a> <a href=\"https:\/\/twitter.com\/GobOax?ref_src=twsrc%5Etfw\">@GobOax<\/a> <a href=\"https:\/\/twitter.com\/GobiernoMX?ref_src=twsrc%5Etfw\">@GobiernoMX<\/a> <a href=\"https:\/\/twitter.com\/GobDeSC?ref_src=twsrc%5Etfw\">@GobDeSC<\/a> <a href=\"https:\/\/t.co\/KiN4VMTh04\">pic.twitter.com\/KiN4VMTh04<\/a><\/p>&mdash; Consorcio Oaxaca (@consorciooaxaca) <a href=\"https:\/\/twitter.com\/consorciooaxaca\/status\/1620547725719896065?ref_src=twsrc%5Etfw\">31 de enero de 2023<\/a><\/blockquote><\/div>\n<\/div><\/figure>\n\n\n\n<p>\u201cHasta hoy no he visto justicia, solo cansancio, he tocado muchas puertas, he metido muchos escritos, he estado en muchas oficinas y todo es dilatado, todo es burocracia\u201d.<\/p>\n\n\n\n<p>Se\u00f1ala que ese a que el Presidente Obrador dio la orden, a\u00fan han recibido la atenci\u00f3n adecuada y s\u00f3lo le dicen que espere.<\/p>\n\n\n\n<p>\u201cNi la CNDH, ni la Defensor\u00eda de Derechos Humanos, han investigado la responsabilidad de los polic\u00edas que de manera injustificada detuvieron y golpearon a mi hija, raz\u00f3n por la cual fue privada de su libertad, para que me la entregaran sin vida. La Fiscal\u00eda a\u00fan no judicializa contra los polic\u00edas que la llevaron a la c\u00e1rcel municipal\u201d.<\/p>\n\n\n\n<p>Expone que la tarde de hoy martes inici\u00f3 la audiencia de T\u00e9rmino Constitucional en contra de la pareja de su hija, qui\u00e9n est\u00e1 acusado por la violencia que ejerci\u00f3 contra Abigail y contra su nuevo.<\/p>\n\n\n\n<p>\u201cEl se\u00f1or Kleiber el d\u00eda que mi hija estaba detenida, entr\u00f3 a mi casa y se llev\u00f3 bajo enga\u00f1os a mi nietecito, a pesar de la demanda que se interpuso estamos batallando mucho para que el tribunal emplace y pueda recuperar a mi nieto\u201d.<\/p>\n\n\n\n<p>Don Jos\u00e9 Luis agrega que el crimen de su hija sigue impune; \u201cle ruego que me ayude y me permite hablar con usted. La muerte de mi hija y la injusticia de las autoridades, me tienen desolado, angustiado y sumamente triste, solo le pido su ayuda por favor que se me haga justicia\u201d.<\/p>\n\n\n\n<p>Agrega que ninguna instrucci\u00f3n de las que gir\u00f3 el d\u00eda que lo vio, ninguna fue respetada, \u201ctodo me tiene en espera, no tengo respuestas concretas. Me tuve que ir de Salina Cruz por mi seguridad y ello ha implicado estar viajando mucho a Oaxaca a las reuniones o diligencias\u201d.<\/p>\n","protected":false},"excerpt":{"rendered":"<p>Ismael Garc\u00eda M.\/Zona Roja. Oaxaca de Ju\u00e1rez, Oax., a 31 de enero de 2023.- Por&hellip;<\/p>\n","protected":false},"author":2,"featured_media":28423,"comment_status":"closed","ping_status":"open","sticky":false,"template":"","format":"standard","meta":{"_lmt_disableupdate":"","_lmt_disable":"","_jetpack_memberships_contains_paid_content":false,"footnotes":""},"categories":[109,47],"tags":[3234],"class_list":["post-51131","post","type-post","status-publish","format-standard","has-post-thumbnail","hentry","category-minuto-a-minuto","category-zona-gris","tag-abigail-hay-urrutia"],"jetpack_featured_media_url":"https:\/\/zonaroja.com.mx\/wp-content\/uploads\/2021\/06\/Guadalupe-Abigail-Salina-Cruz-1.jpg","jetpack_sharing_enabled":true,"_links":{"self":[{"href":"https:\/\/zonaroja.com.mx\/index.php?rest_route=\/wp\/v2\/posts\/51131","targetHints":{"allow":["GET"]}}],"collection":[{"href":"https:\/\/zonaroja.com.mx\/index.php?rest_route=\/wp\/v2\/posts"}],"about":[{"href":"https:\/\/zonaroja.com.mx\/index.php?rest_route=\/wp\/v2\/types\/post"}],"author":[{"embeddable":true,"href":"https:\/\/zonaroja.com.mx\/index.php?rest_route=\/wp\/v2\/users\/2"}],"replies":[{"embeddable":true,"href":"https:\/\/zonaroja.com.mx\/index.php?rest_route=%2Fwp%2Fv2%2Fcomments&post=51131"}],"version-history":[{"count":1,"href":"https:\/\/zonaroja.com.mx\/index.php?rest_route=\/wp\/v2\/posts\/51131\/revisions"}],"predecessor-version":[{"id":51132,"href":"https:\/\/zonaroja.com.mx\/index.php?rest_route=\/wp\/v2\/posts\/51131\/revisions\/51132"}],"wp:featuredmedia":[{"embeddable":true,"href":"https:\/\/zonaroja.com.mx\/index.php?rest_route=\/wp\/v2\/media\/28423"}],"wp:attachment":[{"href":"https:\/\/zonaroja.com.mx\/index.php?rest_route=%2Fwp%2Fv2%2Fmedia&parent=51131"}],"wp:term":[{"taxonomy":"category","embeddable":true,"href":"https:\/\/zonaroja.com.mx\/index.php?rest_route=%2Fwp%2Fv2%2Fcategories&post=51131"},{"taxonomy":"post_tag","embeddable":true,"href":"https:\/\/zonaroja.com.mx\/index.php?rest_route=%2Fwp%2Fv2%2Ftags&post=51131"}],"curies":[{"name":"wp","href":"https:\/\/api.w.org\/{rel}","templated":true}]}}