{"id":51135,"date":"2023-01-31T20:10:30","date_gmt":"2023-02-01T02:10:30","guid":{"rendered":"http:\/\/www.zonaroja.com.mx\/?p=51135"},"modified":"2023-01-31T20:10:33","modified_gmt":"2023-02-01T02:10:33","slug":"inconformidad-contra-transistmico-continua-exigen-atencion-de-gobierno","status":"publish","type":"post","link":"https:\/\/zonaroja.com.mx\/?p=51135","title":{"rendered":"Inconformidad contra Trans\u00edstmico contin\u00faa; exigen atenci\u00f3n de gobierno"},"content":{"rendered":"\n<p>Yuridiana Sosa\/Zona Roja.<\/p>\n\n\n\n<p>Oaxaca de Ju\u00e1rez, Oax., a 31 de enero de 2023.- Habitantes de Boca del Monte, del municipio de San Juan Guichicovi, denunciaron la nula atenci\u00f3n del gobierno federal y del estatal que encabeza Salom\u00f3n Jara para conocer sus quejas sobre las obras del Corredor Interoce\u00e1nico, mientras que supuestos responsables del proyecto le ofrecen indemnizaciones irrisorias.<\/p>\n\n\n\n<p>Ante la falta de acercamiento del Gobierno del Estado, los afectados viajaron desde la regi\u00f3n del Istmo a la capital para denunciar los atropellos que viven ante la megaobra y buscar una mesa de di\u00e1logo con las autoridades.<\/p>\n\n\n\n<p>Integrados en la Sociedad Cooperativa de Productores \u201cEmiliano Zapata Salazar\u201d, los comerciantes se\u00f1alaron que ninguna autoridad, ni estatal ni federal, se han acercado a ellos para dialogar sobre su inconformidad por la obra que est\u00e1 causando afectaciones en sus negocios.<\/p>\n\n\n\n<p>Sin embargo, quienes se presentan como representantes de la obra se han valido de la Guardia Nacional para intimidarlos, adem\u00e1s de tratar de ofrecerles 59 mil pesos por el valor de sus establecimientos.<\/p>\n\n\n\n<p>El coordinador de \u201cEl Barz\u00f3n\u201d, \u00c1ngel Ausencio, se\u00f1al\u00f3 que los comerciantes no est\u00e1n en contra del proyecto, solo no buscan ser afectados, pero en caso de aceptar una indemnizaci\u00f3n buscan que sea justa.<\/p>\n\n\n\n<p>\u201cQueremos ver su primavera (oaxaque\u00f1a), porque quiero decirle al gobernador que su gente no es justa con nosotros, nos dan una miseria y con eso no podemos sobrevivir\u201d agreg\u00f3 Bulmaro Vicente G\u00f3mez.<\/p>\n\n\n\n<p>Frente a su zona comercial, apuntan, se construye una vialidad para el corredor, por lo que una vez que finalice auguran que pondr\u00e1n muros de contenci\u00f3n que impedir\u00e1 que sigan comercializando, por lo que es necesaria una indemnizaci\u00f3n justa, pues de esos negocios dependen decenas de familias.<\/p>\n\n\n\n<p>Los afectados consideran que existe una mala informaci\u00f3n de los trabajadores hacia los gobiernos, quienes presumen de que todo est\u00e1 bajo control para el desarrollo del mega proyecto, as\u00ed como que han logrado enga\u00f1ar a m\u00e1s personas sobre el valor de sus propiedades debido a que antes era un mayor n\u00famero de inconformes.<\/p>\n\n\n\n<figure class=\"wp-block-embed is-type-rich is-provider-twitter wp-block-embed-twitter\"><div class=\"wp-block-embed__wrapper\">\n<div class=\"twitter-tweet\"><blockquote class=\"twitter-tweet\" data-lang=\"es\"><p lang=\"es\" dir=\"ltr\"><a href=\"https:\/\/twitter.com\/hashtag\/ENVIVO?src=hash&amp;ref_src=twsrc%5Etfw\">#ENVIVO<\/a><br>Oaxaca de Ju\u00e1rez, Oax., a 31 de enero de 2023.- Habitantes de Boca del Monte, del municipio de San Juan Guichicovi, denuncian nula atenci\u00f3n estatal y federal a afectados por el Corredor Interoce\u00e1nico; quieren dar indemnizaciones irrisorias. <br>\ud83d\udc47<a href=\"https:\/\/t.co\/BPnSKZfez2\">https:\/\/t.co\/BPnSKZfez2<\/a> <a href=\"https:\/\/t.co\/mXoEU35Git\">pic.twitter.com\/mXoEU35Git<\/a><\/p>&mdash; Zona Roja Oaxaca (@ZonaRoja_Oaxaca) <a href=\"https:\/\/twitter.com\/ZonaRoja_Oaxaca\/status\/1620526997129793537?ref_src=twsrc%5Etfw\">31 de enero de 2023<\/a><\/blockquote><\/div>\n<\/div><\/figure>\n","protected":false},"excerpt":{"rendered":"<p>Yuridiana Sosa\/Zona Roja. Oaxaca de Ju\u00e1rez, Oax., a 31 de enero de 2023.- Habitantes de&hellip;<\/p>\n","protected":false},"author":2,"featured_media":51136,"comment_status":"closed","ping_status":"open","sticky":false,"template":"","format":"standard","meta":{"_lmt_disableupdate":"","_lmt_disable":"","_jetpack_memberships_contains_paid_content":false,"footnotes":""},"categories":[109,47],"tags":[2917],"class_list":["post-51135","post","type-post","status-publish","format-standard","has-post-thumbnail","hentry","category-minuto-a-minuto","category-zona-gris","tag-corredor-interoceanico-oaxaca"],"jetpack_featured_media_url":"https:\/\/zonaroja.com.mx\/wp-content\/uploads\/2023\/01\/Conferencia-Boca-del-Monte-Guichicovi.jpg","jetpack_sharing_enabled":true,"_links":{"self":[{"href":"https:\/\/zonaroja.com.mx\/index.php?rest_route=\/wp\/v2\/posts\/51135","targetHints":{"allow":["GET"]}}],"collection":[{"href":"https:\/\/zonaroja.com.mx\/index.php?rest_route=\/wp\/v2\/posts"}],"about":[{"href":"https:\/\/zonaroja.com.mx\/index.php?rest_route=\/wp\/v2\/types\/post"}],"author":[{"embeddable":true,"href":"https:\/\/zonaroja.com.mx\/index.php?rest_route=\/wp\/v2\/users\/2"}],"replies":[{"embeddable":true,"href":"https:\/\/zonaroja.com.mx\/index.php?rest_route=%2Fwp%2Fv2%2Fcomments&post=51135"}],"version-history":[{"count":1,"href":"https:\/\/zonaroja.com.mx\/index.php?rest_route=\/wp\/v2\/posts\/51135\/revisions"}],"predecessor-version":[{"id":51137,"href":"https:\/\/zonaroja.com.mx\/index.php?rest_route=\/wp\/v2\/posts\/51135\/revisions\/51137"}],"wp:featuredmedia":[{"embeddable":true,"href":"https:\/\/zonaroja.com.mx\/index.php?rest_route=\/wp\/v2\/media\/51136"}],"wp:attachment":[{"href":"https:\/\/zonaroja.com.mx\/index.php?rest_route=%2Fwp%2Fv2%2Fmedia&parent=51135"}],"wp:term":[{"taxonomy":"category","embeddable":true,"href":"https:\/\/zonaroja.com.mx\/index.php?rest_route=%2Fwp%2Fv2%2Fcategories&post=51135"},{"taxonomy":"post_tag","embeddable":true,"href":"https:\/\/zonaroja.com.mx\/index.php?rest_route=%2Fwp%2Fv2%2Ftags&post=51135"}],"curies":[{"name":"wp","href":"https:\/\/api.w.org\/{rel}","templated":true}]}}