{"id":51139,"date":"2023-02-01T08:41:00","date_gmt":"2023-02-01T14:41:00","guid":{"rendered":"http:\/\/www.zonaroja.com.mx\/?p=51139"},"modified":"2023-02-01T07:02:43","modified_gmt":"2023-02-01T13:02:43","slug":"tormentosa-primavera-oaxaquena-de-jara-a-dos-meses-de-su-inicio","status":"publish","type":"post","link":"https:\/\/zonaroja.com.mx\/?p=51139","title":{"rendered":"Tormentosa \u201cprimavera oaxaque\u00f1a\u201d de Jara, a dos meses de su inicio"},"content":{"rendered":"\n<p>Yuridiana Sosa\/Zona Roja.<\/p>\n\n\n\n<p>Oaxaca de Ju\u00e1rez, Oax., a 1 de febrero de 2023.- A 60 d\u00edas de la llegada del gobierno morenista a Oaxaca, la\u00a0 llamada \u201cCuarta Transformaci\u00f3n\u201d que encabeza Salom\u00f3n Jara Cruz es invisible frente a los de temas de mayor impacto, como la seguridad, justicia y gobernabilidad.<\/p>\n\n\n\n<p>Cifras oficiales y hasta el propio Gobierno del Estado han demostrado el alza en la incidencia de delitos en Oaxaca, esencialmente en homicidios dolosos y feminicidios; de acuerdo a reportes policiales ya se suman 24 casos de asesinatos contra mujeres.<\/p>\n\n\n\n<p>Para el mandatario, el tiempo en el gobierno es insuficiente para mostrar cambios, a pesar que desde campa\u00f1a asegur\u00f3 ser gobierno \u201cdel pueblo y para el pueblo, incluyente, honesto, transparente y de resultados\u201d, por el contrario, recientemente responsabiliz\u00f3 al gobierno anterior y al ex gobernador Jos\u00e9 Murat de crear inestabilidad.<\/p>\n\n\n\n<p>Desde el primer mes, los bajos resultados mermaron en la confianza del gobierno de Salom\u00f3n Jara, pero para el segundo mes las consecuencias incrementaron, desde bastas protestas sociales, aumento de incidencia delictiva enmarcadas de una Fiscal\u00eda Estatal sin titular, hasta inconformidad de sus propios empleados de gobierno.<\/p>\n\n\n\n<p>A ellos se suma el tambaleo de negociaciones cruciales como establecer la paz y justicia en la zona Triqui para el retorno seguro de desplazados de Tierra Blanca Copala, mientras que otro grupo de desplazados de San Juan Copala desde hace 10 a\u00f1os amagan con un nuevo plant\u00f3n campamento frente a Palacio de Gobierno tras el desalojo de esta sede del Poder Ejecutivo desde el 2 de diciembre.<\/p>\n\n\n\n<p>En los desaciertos se agregaron la defensa f\u00e9rrea del mandatario de las designaciones en su gabinete para amigos, ex funcionarios estatales y otras vali\u00e9ndose del nepotismo o sin experiencias en la materia.<\/p>\n\n\n\n<p>AZOTA VIOLENCIA<\/p>\n\n\n\n<p>Desde la ejecuci\u00f3n de personas, hasta la localizaci\u00f3n de cad\u00e1veres o restos humanos en caminos, parajes o v\u00edas p\u00fablicas, as\u00ed como la desaparici\u00f3n de personas se han convertido en sucesos cotidianos.<\/p>\n\n\n\n<p>Apenas este inicio de semana se reportan cuatro asesinatos, desde el hallazgo de los restos de un adolescente en Santiago Jamiltepec, semienterrado, envuelto en pl\u00e1stico y marcas de una ejecuci\u00f3n, a tan solo horas de haberse reportado desaparecido.&nbsp;<\/p>\n\n\n\n<p>En otro ataque, en el municipio de Santo Domingo Tehuantepec, otra persona falleci\u00f3, mientras que una mujer fue asesinada el lunes en San Andr\u00e9s Huay\u00e1pam, presuntamente por su pareja sentimental.<\/p>\n\n\n\n<p>Adem\u00e1s, la ola violencia contin\u00faa en la zona triqui, donde de acuerdo a la denuncia del Movimiento de Unificaci\u00f3n y Lucha Triqui, dos personas fueron atacadas a balazos en Putla Villa de Guerrero, pero son originarios de Santiago Juxtlahuaca, una de ellas perdi\u00f3 la vida y la otra result\u00f3 herida.<\/p>\n\n\n\n<p>Este suceso, como en otras ocasiones similares, pone en riesgo el proceso de pacificaci\u00f3n en la zona triqui, mismo que retom\u00f3 el gobierno estatal en la \u00faltima semana de diciembre y continu\u00f3 en la primera de enero.<\/p>\n\n\n\n<p>\u201cYo espero que no tenga metidas las manos el se\u00f1or Jos\u00e9 Murat creando inestabilidad o creando condiciones que permitan ver mayor crecimiento de delitos\u201d, \u201cVamos a tener pronto m\u00e1s acciones, porque tenemos 60 d\u00edas y entendemos que ha surgido un crecimiento, pero tambi\u00e9n pensamos, que quienes hac\u00edan la pol\u00edtica en el pasado proteg\u00edan, cubr\u00edan y ahora est\u00e1n queriendo desatar a la calle a quienes cometen m\u00e1s delitos para demostrar que en este gobierno est\u00e1n creciendo m\u00e1s incidencias\u201d, contest\u00f3 Jara Cruz a la realidad de Oaxaca.<\/p>\n\n\n\n<p>FALTA JUSTICIA<\/p>\n\n\n\n<p>Fue apenas el pasado 25 de enero que tom\u00f3 protesta el nuevo Fiscal de Oaxaca, Bernando Rodr\u00edguez Alamilla, tras un mes sin autoridades al frente de esta instituci\u00f3n.<\/p>\n\n\n\n<p>Pero en medio de esta ausencia, el Secretariado Ejecutivo del Sistema Nacional de Seguridad P\u00fablica (SESNSP) revel\u00f3 que &nbsp;la incidencia del delito de homicidio doloso aument\u00f3 de 2.8 hechos diarios, en diciembre y a 3.0 en las primeras tres semanas de enero.<br>As\u00ed como la presi\u00f3n social hizo \u201cjusticia por propia mano\u201d, como ocurri\u00f3 tras con la detenci\u00f3n del activista y agente municipal de Puente Madera, de San Blas Atempa, David Hern\u00e1ndez Salazar, quien qued\u00f3 en libertad tras el desarrollo de una violenta protesta en el Istmo; el detenido era acusado de da\u00f1os por incendio y lesiones dolosas, cometidos en el municipio de San Blas Atempa.<\/p>\n\n\n\n<p>A otras zonas del estado, como el Istmo y la Costa ahora se suma la de Valles Centrales con hechos de alto impacto, como ocurre en el municipio de Santiago Suchilquitongo, Etla y municipios aleda\u00f1os, que se han convertido en \u201ctiradero de cad\u00e1veres\u201d.<\/p>\n\n\n\n<p>Es en ese municipio donde se registr\u00f3 el 17 de enero la desaparici\u00f3n de la adolescente Andrea Itzel Mart\u00ednez, o una de las desapariciones de mujeres que se han puesto en el escenario p\u00fablico, y por la que se han realizado movilizaciones apoyadas de m\u00e1s familias de j\u00f3venes sin localizar.<\/p>\n\n\n\n<p>PROTESTAS<\/p>\n\n\n\n<p>Las inconformidades contra el gobierno del estado no han tenido diferencia en comparaci\u00f3n al sexenio anterior.<\/p>\n\n\n\n<p>Para los manifestantes es imperdonable la desatenci\u00f3n del actual gobierno de la cuarta transformaci\u00f3n, al cual buscan desde el inicio del mandato y no reciben respuesta de ning\u00fan tipo y por ninguna autoridad.<\/p>\n\n\n\n<p>Las protestas del segundo mes van desde las organizaciones sociales, pobladores, sindicatos como la Secci\u00f3n del SNTE, normalistas; profesores y padres de familia de instituciones de nivel media superior, como ocurri\u00f3 este martes en Santiago Zacatepec Mixe, con la \u201ctoma\u201d del plantel 68 del Instituto de Estudios de Bachillerato ante la falta de docentes asesores, equipamiento y otras demandas.&nbsp;&nbsp;<\/p>\n\n\n\n<p>Y anteriormente de docente y padres de la Escuela Normal Biling\u00fce Intercultural de Oaxaca (ENBIO) para el reconocimiento al director electo de su instituci\u00f3n y evitar la posible imposici\u00f3n de un director por parte del Instituto Estatal de Educaci\u00f3n P\u00fablica de Oaxaca (IEEPO).<\/p>\n\n\n\n<p>O por parte de habitantes que piden la intervenci\u00f3n estatal con el gobierno federal para la soluci\u00f3n de sus problemas, como el caso de los habitantes de Boca del Monte, del municipio de San Juan Guichicovi, que este martes denunciaron nula atenci\u00f3n de la autoridad de Oaxaca y federal por la indemnizaci\u00f3n de terrenos ocupados para el Corredor Interoce\u00e1nico.<\/p>\n\n\n\n<p>Hasta por empleados del mismo gobierno del estado, como tambi\u00e9n ocurri\u00f3 este 31 de enero, por parte del personal de base del Registro Civil, que denunci\u00f3 la apat\u00eda de la nueva autoridad para solventar las necesidades laborales de esta dependencia.<\/p>\n","protected":false},"excerpt":{"rendered":"<p>Yuridiana Sosa\/Zona Roja. Oaxaca de Ju\u00e1rez, Oax., a 1 de febrero de 2023.- A 60&hellip;<\/p>\n","protected":false},"author":2,"featured_media":51140,"comment_status":"closed","ping_status":"open","sticky":false,"template":"","format":"standard","meta":{"_lmt_disableupdate":"","_lmt_disable":"","_jetpack_memberships_contains_paid_content":false,"footnotes":""},"categories":[109,47],"tags":[939],"class_list":["post-51139","post","type-post","status-publish","format-standard","has-post-thumbnail","hentry","category-minuto-a-minuto","category-zona-gris","tag-salomon-jara-cruz"],"jetpack_featured_media_url":"https:\/\/zonaroja.com.mx\/wp-content\/uploads\/2023\/01\/Salomon-Jara-primavera-oaxaquena.jpeg","jetpack_sharing_enabled":true,"_links":{"self":[{"href":"https:\/\/zonaroja.com.mx\/index.php?rest_route=\/wp\/v2\/posts\/51139","targetHints":{"allow":["GET"]}}],"collection":[{"href":"https:\/\/zonaroja.com.mx\/index.php?rest_route=\/wp\/v2\/posts"}],"about":[{"href":"https:\/\/zonaroja.com.mx\/index.php?rest_route=\/wp\/v2\/types\/post"}],"author":[{"embeddable":true,"href":"https:\/\/zonaroja.com.mx\/index.php?rest_route=\/wp\/v2\/users\/2"}],"replies":[{"embeddable":true,"href":"https:\/\/zonaroja.com.mx\/index.php?rest_route=%2Fwp%2Fv2%2Fcomments&post=51139"}],"version-history":[{"count":2,"href":"https:\/\/zonaroja.com.mx\/index.php?rest_route=\/wp\/v2\/posts\/51139\/revisions"}],"predecessor-version":[{"id":51152,"href":"https:\/\/zonaroja.com.mx\/index.php?rest_route=\/wp\/v2\/posts\/51139\/revisions\/51152"}],"wp:featuredmedia":[{"embeddable":true,"href":"https:\/\/zonaroja.com.mx\/index.php?rest_route=\/wp\/v2\/media\/51140"}],"wp:attachment":[{"href":"https:\/\/zonaroja.com.mx\/index.php?rest_route=%2Fwp%2Fv2%2Fmedia&parent=51139"}],"wp:term":[{"taxonomy":"category","embeddable":true,"href":"https:\/\/zonaroja.com.mx\/index.php?rest_route=%2Fwp%2Fv2%2Fcategories&post=51139"},{"taxonomy":"post_tag","embeddable":true,"href":"https:\/\/zonaroja.com.mx\/index.php?rest_route=%2Fwp%2Fv2%2Ftags&post=51139"}],"curies":[{"name":"wp","href":"https:\/\/api.w.org\/{rel}","templated":true}]}}