{"id":51144,"date":"2023-02-01T06:47:45","date_gmt":"2023-02-01T12:47:45","guid":{"rendered":"http:\/\/www.zonaroja.com.mx\/?p=51144"},"modified":"2023-02-01T06:47:47","modified_gmt":"2023-02-01T12:47:47","slug":"programa-de-fomento-a-la-lectura-llega-a-tlacolula-oaxaca","status":"publish","type":"post","link":"https:\/\/zonaroja.com.mx\/?p=51144","title":{"rendered":"Programa de fomento a la lectura llega a Tlacolula, Oaxaca"},"content":{"rendered":"\n<p>Redacci\u00f3n\/Zona Roja.&nbsp;<\/p>\n\n\n\n<p>Oaxaca de Ju\u00e1rez, Oax., a 1 de febrero de 2023.- Como parte del Programa Estatal de Fomento a la Lectura, impulsado por el gobernador de Oaxaca, Salom\u00f3n Jara Cruz, el titular de la Secretar\u00eda de Administraci\u00f3n, Antonino Morales Toledo, visit\u00f3 la colonia El Duvil, perteneciente al municipio de Tlacolula de Matamoros.<\/p>\n\n\n\n<p>Esta acci\u00f3n forma parte de la visi\u00f3n y ejes transversales para garantizar el Inter\u00e9s Superior de los Ni\u00f1os, Ni\u00f1as y Adolescentes, as\u00ed como los ejes estrat\u00e9gicos de pol\u00edticas p\u00fablicas para lograr la Reparaci\u00f3n Hist\u00f3rica de los Pueblos a trav\u00e9s de las Pol\u00edticas de Bienestar Transformador.<\/p>\n\n\n\n<p>Durante esta actividad, realizada para fomentar el h\u00e1bito de la lectura en ni\u00f1as y ni\u00f1os, el secretario de Administraci\u00f3n regal\u00f3 una copia del libro \u201cEl Principito\u201d, obra de Antoine de Saint-Exup\u00e9ry, que aborda temas profundos como el sentido de la vida, la soledad, la amistad, el amor y la p\u00e9rdida.<\/p>\n\n\n\n<p>A lo largo de la actividad, 40 ni\u00f1as y ni\u00f1os de quinto y sexto grado de primaria compartieron la lectura con Morales Toledo, con participaciones puntuales que abonaron a un ambiente de sano esparcimiento, en el cual estimularon su creatividad e imaginaci\u00f3n.<\/p>\n\n\n\n<p>Al finalizar la actividad, Morales Toledo invit\u00f3 a las y los presentes a reflexionar sobre los temas de este cuento, e hizo un llamado para continuar su aprendizaje a trav\u00e9s de la lectura.<\/p>\n\n\n\n<p>Cabe recordar que, una de las primeras acciones de gobierno realizadas por el titular del Poder Ejecutivo, Salom\u00f3n Jara Cruz, fue el desarrollo de una jornada de lectura con ni\u00f1os y ni\u00f1as, con el firme objetivo de fomentar y reforzar el h\u00e1bito de la lectura entre la poblaci\u00f3n infantil en la entidad. Ah\u00ed realiz\u00f3 el compromiso de hacer permanente esta actividad e involucrar a los integrantes de su gabinete para desarrollar esta importante tarea.<\/p>\n\n\n\n<figure class=\"wp-block-embed is-type-rich is-provider-twitter wp-block-embed-twitter\"><div class=\"wp-block-embed__wrapper\">\n<div class=\"twitter-tweet\"><blockquote class=\"twitter-tweet\" data-lang=\"es\"><p lang=\"es\" dir=\"ltr\">La <a href=\"https:\/\/twitter.com\/Admon_GobOax?ref_src=twsrc%5Etfw\">@Admon_GobOax<\/a> promueve tambi\u00e9n el programa \u201cFomento a la Lectura\u201d. <br>El titular de la dependencia, <a href=\"https:\/\/twitter.com\/Nino_Morales1?ref_src=twsrc%5Etfw\">@Nino_Morales1<\/a>, comparti\u00f3 lecturas con la ni\u00f1ez de Tlacolula de Matamoros. <a href=\"https:\/\/t.co\/r6UVjovaMJ\">pic.twitter.com\/r6UVjovaMJ<\/a><\/p>&mdash; Zona Roja Oaxaca (@ZonaRoja_Oaxaca) <a href=\"https:\/\/twitter.com\/ZonaRoja_Oaxaca\/status\/1620602500670959619?ref_src=twsrc%5Etfw\">1 de febrero de 2023<\/a><\/blockquote><\/div>\n<\/div><\/figure>\n","protected":false},"excerpt":{"rendered":"<p>Redacci\u00f3n\/Zona Roja.&nbsp; Oaxaca de Ju\u00e1rez, Oax., a 1 de febrero de 2023.- Como parte del&hellip;<\/p>\n","protected":false},"author":2,"featured_media":51145,"comment_status":"closed","ping_status":"open","sticky":false,"template":"","format":"standard","meta":{"_lmt_disableupdate":"","_lmt_disable":"","_jetpack_memberships_contains_paid_content":false,"footnotes":""},"categories":[109,46],"tags":[180],"class_list":["post-51144","post","type-post","status-publish","format-standard","has-post-thumbnail","hentry","category-minuto-a-minuto","category-zona-blanca","tag-antonino-morales-toledo"],"jetpack_featured_media_url":"https:\/\/zonaroja.com.mx\/wp-content\/uploads\/2023\/02\/Antonino-Morales-lectura-Tlacolula.jpeg","jetpack_sharing_enabled":true,"_links":{"self":[{"href":"https:\/\/zonaroja.com.mx\/index.php?rest_route=\/wp\/v2\/posts\/51144","targetHints":{"allow":["GET"]}}],"collection":[{"href":"https:\/\/zonaroja.com.mx\/index.php?rest_route=\/wp\/v2\/posts"}],"about":[{"href":"https:\/\/zonaroja.com.mx\/index.php?rest_route=\/wp\/v2\/types\/post"}],"author":[{"embeddable":true,"href":"https:\/\/zonaroja.com.mx\/index.php?rest_route=\/wp\/v2\/users\/2"}],"replies":[{"embeddable":true,"href":"https:\/\/zonaroja.com.mx\/index.php?rest_route=%2Fwp%2Fv2%2Fcomments&post=51144"}],"version-history":[{"count":1,"href":"https:\/\/zonaroja.com.mx\/index.php?rest_route=\/wp\/v2\/posts\/51144\/revisions"}],"predecessor-version":[{"id":51146,"href":"https:\/\/zonaroja.com.mx\/index.php?rest_route=\/wp\/v2\/posts\/51144\/revisions\/51146"}],"wp:featuredmedia":[{"embeddable":true,"href":"https:\/\/zonaroja.com.mx\/index.php?rest_route=\/wp\/v2\/media\/51145"}],"wp:attachment":[{"href":"https:\/\/zonaroja.com.mx\/index.php?rest_route=%2Fwp%2Fv2%2Fmedia&parent=51144"}],"wp:term":[{"taxonomy":"category","embeddable":true,"href":"https:\/\/zonaroja.com.mx\/index.php?rest_route=%2Fwp%2Fv2%2Fcategories&post=51144"},{"taxonomy":"post_tag","embeddable":true,"href":"https:\/\/zonaroja.com.mx\/index.php?rest_route=%2Fwp%2Fv2%2Ftags&post=51144"}],"curies":[{"name":"wp","href":"https:\/\/api.w.org\/{rel}","templated":true}]}}