{"id":51147,"date":"2023-02-01T10:02:00","date_gmt":"2023-02-01T16:02:00","guid":{"rendered":"http:\/\/www.zonaroja.com.mx\/?p=51147"},"modified":"2023-02-01T07:03:03","modified_gmt":"2023-02-01T13:03:03","slug":"eligen-comite-ejecutivo-de-la-seccion-59-del-snte-en-oaxaca","status":"publish","type":"post","link":"https:\/\/zonaroja.com.mx\/?p=51147","title":{"rendered":"Eligen comit\u00e9 ejecutivo de la Secci\u00f3n 59 del SNTE en Oaxaca"},"content":{"rendered":"\n<p>Redacci\u00f3n\/Zona Roja.<\/p>\n\n\n\n<p>Oaxaca de Ju\u00e1rez, Oax., a 1 de febrero de 2023.- La Secci\u00f3n 59 del Sindicato Nacional de Trabajadores de la Educaci\u00f3n (SNTE) tiene desde ayer su primer secretario General electo mediante voto universal, libre y secreto.&nbsp;<\/p>\n\n\n\n<p>Se trata del profesor Emilio Ram\u00edrez Vega, originario de San Juan Mixtepec, quien tom\u00f3 protesta este martes 31 de enero en la capital oaxaque\u00f1a.<\/p>\n\n\n\n<p>Lo anterior, ante el representante de Alfonso Cepeda Salas, secretario General del Comit\u00e9 Ejecutivo Nacional del SNTE, Francisco Gonz\u00e1lez Mena, quien coordin\u00f3 el proceso realizado el pasado viernes 27 de enero, donde particip\u00f3 el 84.5 por ciento del gremio.&nbsp;<\/p>\n\n\n\n<p>En un comunicado, la Secci\u00f3n 59 indic\u00f3 que es la participaci\u00f3n del magisterio m\u00e1s alta hasta el momento a nivel Nacional.<\/p>\n\n\n\n<p>En su mensaje, Ram\u00edrez Vega se comprometi\u00f3 a estar cerca de todos los agremiados, a realizar una gestor\u00eda adecuada, honesta, transparente y comprometida para trabajar en unidad.<\/p>\n\n\n\n<p>Asimismo, emiti\u00f3 su discurso en presencia de su antecesor, Luis Alberto Salinas Cruz, qui\u00e9n fungi\u00f3 como Delegado Especial del CEN del SNTE; el representante del CEN del SNTE en Oaxaca, Mateo Casillas Ibarra; y de la profesora Victoria Cruz Villar, presidenta Colegiada de la Federaci\u00f3n Democr\u00e1tica de Sindicatos de Servidores P\u00fablicos (Fedessp) en Oaxaca.<\/p>\n\n\n\n<p>En este sentido se\u00f1al\u00f3 que dar\u00e1 respuesta oportuna a las necesidades m\u00e1s prioritarias como son la defensa de la escuela p\u00fablica, respetar el calendario escolar, continuar la gestor\u00eda con las autoridades educativas y solicitar la aplicaci\u00f3n de la unidad del sistema para la carrera de las maestras y maestros (USICAMM) en el estado de Oaxaca, solo por mencionar algunas.<\/p>\n\n\n\n<p>Cabe se\u00f1alar que el dirigente que encabeza la directiva seccional sindical correspondiente al periodo 2023-2027, es maestro de nivel de educaci\u00f3n primaria ind\u00edgena, originario de Rancho Lucero, San Juan Mixtepec, Juxtlahuaca; hasta este d\u00eda el profesor Emilio Ram\u00edrez Vega tambi\u00e9n ten\u00eda el cargo de Supervisor Escolar.<\/p>\n","protected":false},"excerpt":{"rendered":"<p>Redacci\u00f3n\/Zona Roja. Oaxaca de Ju\u00e1rez, Oax., a 1 de febrero de 2023.- La Secci\u00f3n 59&hellip;<\/p>\n","protected":false},"author":2,"featured_media":51150,"comment_status":"closed","ping_status":"open","sticky":false,"template":"","format":"standard","meta":{"_lmt_disableupdate":"","_lmt_disable":"","_jetpack_memberships_contains_paid_content":false,"footnotes":""},"categories":[109,46],"tags":[1169],"class_list":["post-51147","post","type-post","status-publish","format-standard","has-post-thumbnail","hentry","category-minuto-a-minuto","category-zona-blanca","tag-seccion-59-del-snte"],"jetpack_featured_media_url":"https:\/\/zonaroja.com.mx\/wp-content\/uploads\/2023\/02\/Eleccion-dirigencia-Seccion-59-SNTE.jpeg","jetpack_sharing_enabled":true,"_links":{"self":[{"href":"https:\/\/zonaroja.com.mx\/index.php?rest_route=\/wp\/v2\/posts\/51147","targetHints":{"allow":["GET"]}}],"collection":[{"href":"https:\/\/zonaroja.com.mx\/index.php?rest_route=\/wp\/v2\/posts"}],"about":[{"href":"https:\/\/zonaroja.com.mx\/index.php?rest_route=\/wp\/v2\/types\/post"}],"author":[{"embeddable":true,"href":"https:\/\/zonaroja.com.mx\/index.php?rest_route=\/wp\/v2\/users\/2"}],"replies":[{"embeddable":true,"href":"https:\/\/zonaroja.com.mx\/index.php?rest_route=%2Fwp%2Fv2%2Fcomments&post=51147"}],"version-history":[{"count":1,"href":"https:\/\/zonaroja.com.mx\/index.php?rest_route=\/wp\/v2\/posts\/51147\/revisions"}],"predecessor-version":[{"id":51151,"href":"https:\/\/zonaroja.com.mx\/index.php?rest_route=\/wp\/v2\/posts\/51147\/revisions\/51151"}],"wp:featuredmedia":[{"embeddable":true,"href":"https:\/\/zonaroja.com.mx\/index.php?rest_route=\/wp\/v2\/media\/51150"}],"wp:attachment":[{"href":"https:\/\/zonaroja.com.mx\/index.php?rest_route=%2Fwp%2Fv2%2Fmedia&parent=51147"}],"wp:term":[{"taxonomy":"category","embeddable":true,"href":"https:\/\/zonaroja.com.mx\/index.php?rest_route=%2Fwp%2Fv2%2Fcategories&post=51147"},{"taxonomy":"post_tag","embeddable":true,"href":"https:\/\/zonaroja.com.mx\/index.php?rest_route=%2Fwp%2Fv2%2Ftags&post=51147"}],"curies":[{"name":"wp","href":"https:\/\/api.w.org\/{rel}","templated":true}]}}