{"id":5115,"date":"2019-10-25T07:38:49","date_gmt":"2019-10-25T12:38:49","guid":{"rendered":"http:\/\/www.zonaroja.com.mx\/?p=5115"},"modified":"2019-10-25T07:38:52","modified_gmt":"2019-10-25T12:38:52","slug":"suman-tres-ejecutados-en-jueves-el-tercero-en-tuxtepec","status":"publish","type":"post","link":"https:\/\/zonaroja.com.mx\/?p=5115","title":{"rendered":"Suman tres ejecutados en jueves; el tercero, en Tuxtepec"},"content":{"rendered":"\n<p>Redacci\u00f3n\/Zona Roja.<\/p>\n\n\n\n<p>Oaxaca de Ju\u00e1rez, Oax., 25 de octubre de\n2019.- Tres personas fueron ejecutadas, dos de ellas con huellas de tortura, en\nel d\u00eda en que titulares de las secretar\u00edas de Seguridad y Protecci\u00f3n Ciudadana,\nde la Defensa Nacional y de la Marina, estuvieron en Oaxaca.<\/p>\n\n\n\n<p>Ayer en San Juan Bautista Tuxtepec, cerca\nde las 19:30 horas fue hallado el cuerpo de un individuo, que presentaba disparos\nde arma de fuego.<\/p>\n\n\n\n<p>Fue localizado a la altura del kil\u00f3metro\n12 de la carretera federal, en el tramo de Santa Rosa a la localidad de\nPapaloapan; la v\u00edctima fue identificada como Aldair Herrera Uscanga y era\ntrabajador del local \u201cCarnitas el istme\u00f1o\u201d de Tuxtepec.<\/p>\n\n\n\n<p>Ten\u00eda su domicilio en el fraccionamiento\nCosta Verde y laboraba en el establecimiento ubicado en el fraccionamiento El\nDorado, de donde hab\u00eda salido de trabajar alrededor de las cinco de la tarde.\nA\u00fan no hay pistas del o los probables ejecutores.<\/p>\n\n\n\n<p>IDENTIFICAN A V\u00cdCTIMAS<\/p>\n\n\n\n<p>Por otra parte, de acuerdo con fuentes\nde la Fiscal\u00eda General del Estado, el individuo asesinado y con huellas de\ntortura, cuyo cuerpo fue hallado este jueves en las riberas del r\u00edo \u201cSalado\u201d,\nde San Antonio de la Cal, fue identificado como El\u00edas Daniel A. H., de 29 a\u00f1os\nde edad.<\/p>\n\n\n\n<p>Tuvo su domicilio en San Sebasti\u00e1n Tutla\ny presuntamente era concesionario de taxis del servicio colectivo; seg\u00fan las\nprimeras indagatorias, habr\u00eda formado parte del grupo del presunto criminal\nconocido como \u201cEl Oaxaca\u201d.<\/p>\n\n\n\n<p>TAMBI\u00c9N EN COSTA<\/p>\n\n\n\n<p>Mientras tanto, el individuo ejecutado en\nla regi\u00f3n de la Costa fue reconocido anoche legalmente como Jos\u00e9 Eduardo V. M.,\nquien cuenta con antecedentes penales.<\/p>\n\n\n\n<p>El cuerpo, con signos de tortura, maniatado\ny embolsado, fue localizado este jueves en un tramo carretero entre Santa Mar\u00eda\nHuazolotitl\u00e1n y San Andr\u00e9s Huaxpaltepec; la v\u00edctima ten\u00eda su domicilio en\nPinotepa Nacional.<\/p>\n","protected":false},"excerpt":{"rendered":"<p>Redacci\u00f3n\/Zona Roja. Oaxaca de Ju\u00e1rez, Oax., 25 de octubre de 2019.- Tres personas fueron ejecutadas,&hellip;<\/p>\n","protected":false},"author":2,"featured_media":5116,"comment_status":"closed","ping_status":"open","sticky":false,"template":"","format":"standard","meta":{"_lmt_disableupdate":"","_lmt_disable":"","_jetpack_memberships_contains_paid_content":false,"footnotes":""},"categories":[109,51],"tags":[118],"class_list":["post-5115","post","type-post","status-publish","format-standard","has-post-thumbnail","hentry","category-minuto-a-minuto","category-zona-roja","tag-san-juan-bautista-tuxtepec"],"jetpack_featured_media_url":"https:\/\/zonaroja.com.mx\/wp-content\/uploads\/2019\/10\/IMG_1614.jpg","jetpack_sharing_enabled":true,"_links":{"self":[{"href":"https:\/\/zonaroja.com.mx\/index.php?rest_route=\/wp\/v2\/posts\/5115","targetHints":{"allow":["GET"]}}],"collection":[{"href":"https:\/\/zonaroja.com.mx\/index.php?rest_route=\/wp\/v2\/posts"}],"about":[{"href":"https:\/\/zonaroja.com.mx\/index.php?rest_route=\/wp\/v2\/types\/post"}],"author":[{"embeddable":true,"href":"https:\/\/zonaroja.com.mx\/index.php?rest_route=\/wp\/v2\/users\/2"}],"replies":[{"embeddable":true,"href":"https:\/\/zonaroja.com.mx\/index.php?rest_route=%2Fwp%2Fv2%2Fcomments&post=5115"}],"version-history":[{"count":1,"href":"https:\/\/zonaroja.com.mx\/index.php?rest_route=\/wp\/v2\/posts\/5115\/revisions"}],"predecessor-version":[{"id":5117,"href":"https:\/\/zonaroja.com.mx\/index.php?rest_route=\/wp\/v2\/posts\/5115\/revisions\/5117"}],"wp:featuredmedia":[{"embeddable":true,"href":"https:\/\/zonaroja.com.mx\/index.php?rest_route=\/wp\/v2\/media\/5116"}],"wp:attachment":[{"href":"https:\/\/zonaroja.com.mx\/index.php?rest_route=%2Fwp%2Fv2%2Fmedia&parent=5115"}],"wp:term":[{"taxonomy":"category","embeddable":true,"href":"https:\/\/zonaroja.com.mx\/index.php?rest_route=%2Fwp%2Fv2%2Fcategories&post=5115"},{"taxonomy":"post_tag","embeddable":true,"href":"https:\/\/zonaroja.com.mx\/index.php?rest_route=%2Fwp%2Fv2%2Ftags&post=5115"}],"curies":[{"name":"wp","href":"https:\/\/api.w.org\/{rel}","templated":true}]}}