{"id":51153,"date":"2023-02-01T11:20:00","date_gmt":"2023-02-01T17:20:00","guid":{"rendered":"http:\/\/www.zonaroja.com.mx\/?p=51153"},"modified":"2023-02-01T07:41:30","modified_gmt":"2023-02-01T13:41:30","slug":"gobierno-de-amlo-gasto-520765-mdp-mas-de-lo-presupuestado-en-2022","status":"publish","type":"post","link":"https:\/\/zonaroja.com.mx\/?p=51153","title":{"rendered":"Gobierno de AMLO gast\u00f3 520,765 mdp m\u00e1s de lo presupuestado en 2022"},"content":{"rendered":"\n<p>Redacci\u00f3n\/Zona Roja Cdmx.<\/p>\n\n\n\n<p>Ciudad de M\u00e9xico, a 1 de febrero de 2023.- La actual administraci\u00f3n de Andr\u00e9s Manuel L\u00f3pez Obrador gast\u00f3 m\u00e1s de 500 mil millones de pesos extra a lo aprobado en el 2022, explicado por un mayor desembolso en ramos administrativos, como la Secretar\u00eda de Energ\u00eda (Sener) y la Secretar\u00eda de Turismo (Sectur).<\/p>\n\n\n\n<p>Los datos de la Secretar\u00eda de Hacienda y Cr\u00e9dito P\u00fablico (SHCP) mostraron que el mayor gasto fue por 520,765 millones de pesos, con lo cual el gasto total ejercido el a\u00f1o pasado fue de 7 billones 568,971 millones de pesos, 4.1% m\u00e1s en comparaci\u00f3n anual.<\/p>\n\n\n\n<p>El gasto del sector p\u00fablico hil\u00f3 tres a\u00f1os de crecimientos consecutivos. En el 2022, el gasto p\u00fablico se increment\u00f3 en 4.1% real anual, alcanzando 7 billones 569,000 millones de pesos (26.5% del Producto Interno Bruto)\u201d, indic\u00f3 la dependencia.<\/p>\n\n\n\n<p>En el reporte sobre Finanzas P\u00fablicas y la Deuda P\u00fablica al cuarto trimestre del a\u00f1o se observ\u00f3 que el mayor gasto se concentr\u00f3 en los ramos administrativos, con 343,047 millones de pesos m\u00e1s a lo aprobado en el a\u00f1o, cosa contraria a lo que sucedi\u00f3 en los ramos generales y los aut\u00f3nomos, en donde presentaron un subejercicio de 69,819 y 6,930 millones de pesos respectivamente.<\/p>\n\n\n\n<p>Al interior de los ramos administrativos, la Sener fue la que present\u00f3 un mayor gasto a lo programado. En total, gast\u00f3 143,941 millones de pesos m\u00e1s de lo aprobado, esto por un aumento de erogaciones para el fortalecimiento financiero de Pemex, as\u00ed como en la investigaci\u00f3n y desarrollo tecnol\u00f3gico en materia petrolera.<\/p>\n\n\n\n<p>Con ello, los recursos ejercidos por la Sener fueron de 190,999 millones de pesos, lo que result\u00f3 44.6% menor en comparaci\u00f3n anual por menores asignaciones para el fortalecimiento financiero de Pemex.<\/p>\n\n\n\n<p>En el caso de la Sectur, el gasto total fue de 180,212 millones de pesos, 355% m\u00e1s anual por un mayor gasto para los proyectos de transporte masivo de pasajeros; para los programas: Promoci\u00f3n de M\u00e9xico como Destino Tur\u00edstico; y Calidad y Atenci\u00f3n Integral al Turismo, lo cual tambi\u00e9n llev\u00f3 a que se gastaran 114,541 millones de pesos m\u00e1s a lo aprobado.<\/p>\n\n\n\n<p>Salud, la gran perdedora<\/p>\n\n\n\n<p>En contraste con los ramos administrativos que gastaron m\u00e1s respecto a su presupuesto aprobado para el 2022, la Secretar\u00eda de Salud (Ssa) mostr\u00f3 su mayor subejercicio, es decir, gast\u00f3 menos de lo programado.<\/p>\n\n\n\n<p>El a\u00f1o pasado, la Ssa tuvo un gasto total de 184,076 millones de pesos, lo que signific\u00f3 una disminuci\u00f3n de 1.5% en comparaci\u00f3n anual. De acuerdo con Hacienda, dicha reducci\u00f3n obedeci\u00f3 a un menor gasto para el programa Atenci\u00f3n a la Salud y Medicamentos Gratuitos para la Poblaci\u00f3n sin Seguridad Social Laboral; para los servicios de asistencia social integral y para el fortalecimiento a la atenci\u00f3n m\u00e9dica.<\/p>\n\n\n\n<p>Adem\u00e1s de la disminuci\u00f3n en su presupuesto, el subejercicio presentado fue de 9,872 millones de pesos, el cual se explic\u00f3 por menores erogaciones para el programa de Vacunaci\u00f3n; para las actividades de apoyo administrativo; para atenci\u00f3n a la salud y para el fortalecimiento de los servicios estatales de salud.<\/p>\n\n\n\n<p>(Informaci\u00f3n de \u201cEl Economista\u201d)<\/p>\n","protected":false},"excerpt":{"rendered":"<p>Redacci\u00f3n\/Zona Roja Cdmx. Ciudad de M\u00e9xico, a 1 de febrero de 2023.- La actual administraci\u00f3n&hellip;<\/p>\n","protected":false},"author":2,"featured_media":51154,"comment_status":"closed","ping_status":"open","sticky":false,"template":"","format":"standard","meta":{"_lmt_disableupdate":"","_lmt_disable":"","_jetpack_memberships_contains_paid_content":false,"footnotes":""},"categories":[109,47],"tags":[143],"class_list":["post-51153","post","type-post","status-publish","format-standard","has-post-thumbnail","hentry","category-minuto-a-minuto","category-zona-gris","tag-andres-manuel-lopez-obrador"],"jetpack_featured_media_url":"https:\/\/zonaroja.com.mx\/wp-content\/uploads\/2023\/02\/Palacio-Nacional-con-Lopez-Obrador.jpeg","jetpack_sharing_enabled":true,"_links":{"self":[{"href":"https:\/\/zonaroja.com.mx\/index.php?rest_route=\/wp\/v2\/posts\/51153","targetHints":{"allow":["GET"]}}],"collection":[{"href":"https:\/\/zonaroja.com.mx\/index.php?rest_route=\/wp\/v2\/posts"}],"about":[{"href":"https:\/\/zonaroja.com.mx\/index.php?rest_route=\/wp\/v2\/types\/post"}],"author":[{"embeddable":true,"href":"https:\/\/zonaroja.com.mx\/index.php?rest_route=\/wp\/v2\/users\/2"}],"replies":[{"embeddable":true,"href":"https:\/\/zonaroja.com.mx\/index.php?rest_route=%2Fwp%2Fv2%2Fcomments&post=51153"}],"version-history":[{"count":1,"href":"https:\/\/zonaroja.com.mx\/index.php?rest_route=\/wp\/v2\/posts\/51153\/revisions"}],"predecessor-version":[{"id":51155,"href":"https:\/\/zonaroja.com.mx\/index.php?rest_route=\/wp\/v2\/posts\/51153\/revisions\/51155"}],"wp:featuredmedia":[{"embeddable":true,"href":"https:\/\/zonaroja.com.mx\/index.php?rest_route=\/wp\/v2\/media\/51154"}],"wp:attachment":[{"href":"https:\/\/zonaroja.com.mx\/index.php?rest_route=%2Fwp%2Fv2%2Fmedia&parent=51153"}],"wp:term":[{"taxonomy":"category","embeddable":true,"href":"https:\/\/zonaroja.com.mx\/index.php?rest_route=%2Fwp%2Fv2%2Fcategories&post=51153"},{"taxonomy":"post_tag","embeddable":true,"href":"https:\/\/zonaroja.com.mx\/index.php?rest_route=%2Fwp%2Fv2%2Ftags&post=51153"}],"curies":[{"name":"wp","href":"https:\/\/api.w.org\/{rel}","templated":true}]}}