{"id":51158,"date":"2023-02-01T13:57:00","date_gmt":"2023-02-01T19:57:00","guid":{"rendered":"http:\/\/www.zonaroja.com.mx\/?p=51158"},"modified":"2023-02-01T08:03:47","modified_gmt":"2023-02-01T14:03:47","slug":"opinion-politica-sin-futuro","status":"publish","type":"post","link":"https:\/\/zonaroja.com.mx\/?p=51158","title":{"rendered":"Opini\u00f3n. Pol\u00edtica sin futuro"},"content":{"rendered":"\n<p>El&nbsp;mayor problema de la pol\u00edtica partidista mexicana actual es la falta de imaginaci\u00f3n, la esclerosis de ideas. Est\u00e1n todos atrapados en el r\u00e9gimen de la transici\u00f3n, opinando a favor y en contra del mismo arreglo que Octavio Rodr\u00edguez Araujo caracteriz\u00f3 como tecnocr\u00e1tico (por las formas de acceso al poder) y neoliberal (por los dicta ideol\u00f3gicos que obedeci\u00f3), mientras las inercias estructurales de la econom\u00eda, el reparto del poder y la procuraci\u00f3n de justicia siguen las mismas tendencias que nos trajeron a donde estamos.&nbsp;<\/p>\n\n\n\n<p>De hecho, de ambos elementos \u2014el neoliberalismo y la tecnocracia\u2014&nbsp;el \u00fanico que se ha sometido a la cr\u00edtica es el de la tecnocracia. En principio la cr\u00edtica era correcta: el conocimiento t\u00e9cnico no debe suplantar a la voluntad del pueblo para gobernar un pa\u00eds.&nbsp;<\/p>\n\n\n\n<p>En el final, la cr\u00edtica termin\u00f3 en un enaltecimiento de la ignorancia, lo contrario a lo que defendieron Hidalgo, Ju\u00e1rez o C\u00e1rdenas. La preparaci\u00f3n acad\u00e9mica se pone bajo sospecha, el robo de ideas y tesis se considera pecado de juventud; se reprocha a la clase media distorsionar su mirada por tener estudios y al mismo tiempo el ignorant\u00edsimo diputado Mier reivindica y presume la negativa a certificar estudios formales con una embarrada mal entendida de pedagog\u00eda libertaria.<\/p>\n\n\n\n<p>Y mientras el conocimiento no vale para nada, los dogmas neoliberales siguen, todos, su curso, o incluso se potencian como sentido com\u00fan.&nbsp;A la soberan\u00eda alimentaria los precios de garant\u00eda no le provocan m\u00e1s que bostezos, mientras productos extranjeros ganan terreno con la Licencia \u00danica de importaci\u00f3n y la eliminaci\u00f3n de inspecciones; a la econom\u00eda pol\u00edtica general, compenetrada con la informalidad, no le impacta el incremento en el salario promedio que la inflaci\u00f3n ha devorado en buena medida y le viene bien la simulaci\u00f3n en la implementaci\u00f3n de la reforma laboral que empez\u00f3 con Pe\u00f1a.&nbsp;<\/p>\n\n\n\n<p>A los grandes capitalistas les parece magn\u00edfico aumentar los programas de transferencias directas mientras terminen en consultorios adyacentes a farmacias simi \u2014porque la salud p\u00fablica se estanca\u2014&nbsp;o que las becas de j\u00f3venes construyendo el futuro se inviertan en cr\u00e9ditos para celular de Coppel o Elektra mientras la brecha salarial que afecta a los j\u00f3venes se profundiza gravemente despu\u00e9s de la pandemia, entre tantas otras cosas.<\/p>\n\n\n\n<p>El obradorismo intu\u00eda que hab\u00eda que destruir el r\u00e9gimen de la transici\u00f3n por sus consecuencias negativas, pero no ide\u00f3 nada sensato para poner en su lugar ni escuch\u00f3 a quienes ya lo hab\u00edan ideado.&nbsp;<\/p>\n\n\n\n<p>Si el r\u00e9gimen de la transici\u00f3n estableci\u00f3 que hab\u00eda que burocratizar las elecciones, priorizar el mercado y blandir el Estado de derecho ante cualquier diferendo (cosa que, usualmente, pudieron hacer solo los que ten\u00edan dinero para litigar), aunque en todo se simulara, el obradorismo no ha optado por abrazar la limpieza sin simular, sino que ha ejercido de forma desnuda el poder en la violaci\u00f3n de las leyes electorales, en la distorsi\u00f3n pol\u00edtica de los mercados y en la interpretaci\u00f3n de la ley, legitimando todo lo que ya suced\u00eda, pero ahora en nombre del pueblo y destruyendo el proyecto que aspir\u00f3 a acotar el abuso.<\/p>\n\n\n\n<p>Entretanto, la vieja \u00e9lite de la transici\u00f3n aspira a reconstruir la ilusi\u00f3n derrotada y la simulaci\u00f3n evidenciada, pero no ofrece tampoco un futuro alternativo, sino que tambi\u00e9n endurece sus ideas previas, inmunes a la realidad.&nbsp;<\/p>\n\n\n\n<p>*Doctor en ciencia pol\u00edtica por la UNAM.<\/p>\n\n\n\n<p>@gibranrr<\/p>\n","protected":false},"excerpt":{"rendered":"<p>El&nbsp;mayor problema de la pol\u00edtica partidista mexicana actual es la falta de imaginaci\u00f3n, la esclerosis&hellip;<\/p>\n","protected":false},"author":2,"featured_media":41734,"comment_status":"closed","ping_status":"open","sticky":false,"template":"","format":"standard","meta":{"_lmt_disableupdate":"","_lmt_disable":"","_jetpack_memberships_contains_paid_content":false,"footnotes":""},"categories":[456,109],"tags":[2489],"class_list":["post-51158","post","type-post","status-publish","format-standard","has-post-thumbnail","hentry","category-columna","category-minuto-a-minuto","tag-gibran-ramirez-reyes"],"jetpack_featured_media_url":"https:\/\/zonaroja.com.mx\/wp-content\/uploads\/2022\/05\/Opinion-Gibran-Ramirez-Reyes.jpg","jetpack_sharing_enabled":true,"_links":{"self":[{"href":"https:\/\/zonaroja.com.mx\/index.php?rest_route=\/wp\/v2\/posts\/51158","targetHints":{"allow":["GET"]}}],"collection":[{"href":"https:\/\/zonaroja.com.mx\/index.php?rest_route=\/wp\/v2\/posts"}],"about":[{"href":"https:\/\/zonaroja.com.mx\/index.php?rest_route=\/wp\/v2\/types\/post"}],"author":[{"embeddable":true,"href":"https:\/\/zonaroja.com.mx\/index.php?rest_route=\/wp\/v2\/users\/2"}],"replies":[{"embeddable":true,"href":"https:\/\/zonaroja.com.mx\/index.php?rest_route=%2Fwp%2Fv2%2Fcomments&post=51158"}],"version-history":[{"count":1,"href":"https:\/\/zonaroja.com.mx\/index.php?rest_route=\/wp\/v2\/posts\/51158\/revisions"}],"predecessor-version":[{"id":51159,"href":"https:\/\/zonaroja.com.mx\/index.php?rest_route=\/wp\/v2\/posts\/51158\/revisions\/51159"}],"wp:featuredmedia":[{"embeddable":true,"href":"https:\/\/zonaroja.com.mx\/index.php?rest_route=\/wp\/v2\/media\/41734"}],"wp:attachment":[{"href":"https:\/\/zonaroja.com.mx\/index.php?rest_route=%2Fwp%2Fv2%2Fmedia&parent=51158"}],"wp:term":[{"taxonomy":"category","embeddable":true,"href":"https:\/\/zonaroja.com.mx\/index.php?rest_route=%2Fwp%2Fv2%2Fcategories&post=51158"},{"taxonomy":"post_tag","embeddable":true,"href":"https:\/\/zonaroja.com.mx\/index.php?rest_route=%2Fwp%2Fv2%2Ftags&post=51158"}],"curies":[{"name":"wp","href":"https:\/\/api.w.org\/{rel}","templated":true}]}}