{"id":51164,"date":"2023-02-01T08:26:49","date_gmt":"2023-02-01T14:26:49","guid":{"rendered":"http:\/\/www.zonaroja.com.mx\/?p=51164"},"modified":"2023-02-01T08:26:51","modified_gmt":"2023-02-01T14:26:51","slug":"vincula-a-proceso-por-violencia-familiar-a-expareja-de-abigail-h-u","status":"publish","type":"post","link":"https:\/\/zonaroja.com.mx\/?p=51164","title":{"rendered":"Vincula a proceso por violencia familiar a expareja de Abigail H.U."},"content":{"rendered":"\n<p>Redacci\u00f3n\/Zona Roja.<\/p>\n\n\n\n<p>Oaxaca de Ju\u00e1rez, Oax., 1 de febrero de 2023. &#8211; Kleiber N. E., quien fuera pareja de Abigail H. U., fue vinculado a proceso anoche, por el delito de violencia familiar en contra de la joven que perdi\u00f3 la vida en una celda del municipio de Salina Cruz.<\/p>\n\n\n\n<p>En un comunicado, la Fiscal\u00eda General del Estado de Oaxaca (FGEO) confirm\u00f3 la determinaci\u00f3n tomada durante la audiencia de ampliaci\u00f3n del t\u00e9rmino constitucional celebrada este martes 31 de enero en el Istmo de Tehuantepec.<\/p>\n\n\n\n<p>Asimismo, la instituci\u00f3n solicit\u00f3 la medida cautelar de prisi\u00f3n preventiva para el presunto responsable, en tanto se realiza la investigaci\u00f3n complementaria, al considerar riesgo de sustracci\u00f3n y peligro para las v\u00edctimas indirectas.<\/p>\n\n\n\n<p>\u201cNo obstante, aunque el juez vincul\u00f3 a proceso al indiciado, no consider\u00f3 las circunstancias antes mencionadas, de tal forma que descart\u00f3 imponer la medida cautelar de prisi\u00f3n preventiva, por lo que la Fiscal\u00eda apelar\u00e1 la determinaci\u00f3n\u201d, inform\u00f3 la Fiscal\u00eda.<\/p>\n\n\n\n<p>Destac\u00f3 que el proceso se realiza post mortem, luego que la v\u00edctima pereciera en los separos municipales de Salina Cruz en agosto de 2022, hecho por el que la Fiscal\u00eda tambi\u00e9n realiza una investigaci\u00f3n simult\u00e1nea.<\/p>\n\n\n\n<p>\u201cPara la Fiscal\u00eda resulta fundamental atender de manera integral a las v\u00edctimas indirectas, principalmente cuando existen casos en los que est\u00e1n involucradas infancias\u201d, remarc\u00f3.<\/p>\n","protected":false},"excerpt":{"rendered":"<p>Redacci\u00f3n\/Zona Roja. Oaxaca de Ju\u00e1rez, Oax., 1 de febrero de 2023. &#8211; Kleiber N. E.,&hellip;<\/p>\n","protected":false},"author":2,"featured_media":51165,"comment_status":"closed","ping_status":"open","sticky":false,"template":"","format":"standard","meta":{"_lmt_disableupdate":"","_lmt_disable":"","_jetpack_memberships_contains_paid_content":false,"footnotes":""},"categories":[109,47],"tags":[3234],"class_list":["post-51164","post","type-post","status-publish","format-standard","has-post-thumbnail","hentry","category-minuto-a-minuto","category-zona-gris","tag-abigail-hay-urrutia"],"jetpack_featured_media_url":"https:\/\/zonaroja.com.mx\/wp-content\/uploads\/2023\/02\/KLEIBER-N.-E..jpg","jetpack_sharing_enabled":true,"_links":{"self":[{"href":"https:\/\/zonaroja.com.mx\/index.php?rest_route=\/wp\/v2\/posts\/51164","targetHints":{"allow":["GET"]}}],"collection":[{"href":"https:\/\/zonaroja.com.mx\/index.php?rest_route=\/wp\/v2\/posts"}],"about":[{"href":"https:\/\/zonaroja.com.mx\/index.php?rest_route=\/wp\/v2\/types\/post"}],"author":[{"embeddable":true,"href":"https:\/\/zonaroja.com.mx\/index.php?rest_route=\/wp\/v2\/users\/2"}],"replies":[{"embeddable":true,"href":"https:\/\/zonaroja.com.mx\/index.php?rest_route=%2Fwp%2Fv2%2Fcomments&post=51164"}],"version-history":[{"count":1,"href":"https:\/\/zonaroja.com.mx\/index.php?rest_route=\/wp\/v2\/posts\/51164\/revisions"}],"predecessor-version":[{"id":51166,"href":"https:\/\/zonaroja.com.mx\/index.php?rest_route=\/wp\/v2\/posts\/51164\/revisions\/51166"}],"wp:featuredmedia":[{"embeddable":true,"href":"https:\/\/zonaroja.com.mx\/index.php?rest_route=\/wp\/v2\/media\/51165"}],"wp:attachment":[{"href":"https:\/\/zonaroja.com.mx\/index.php?rest_route=%2Fwp%2Fv2%2Fmedia&parent=51164"}],"wp:term":[{"taxonomy":"category","embeddable":true,"href":"https:\/\/zonaroja.com.mx\/index.php?rest_route=%2Fwp%2Fv2%2Fcategories&post=51164"},{"taxonomy":"post_tag","embeddable":true,"href":"https:\/\/zonaroja.com.mx\/index.php?rest_route=%2Fwp%2Fv2%2Ftags&post=51164"}],"curies":[{"name":"wp","href":"https:\/\/api.w.org\/{rel}","templated":true}]}}