{"id":51167,"date":"2023-02-01T12:27:00","date_gmt":"2023-02-01T18:27:00","guid":{"rendered":"http:\/\/www.zonaroja.com.mx\/?p=51167"},"modified":"2023-02-01T13:18:40","modified_gmt":"2023-02-01T19:18:40","slug":"pend1-15","status":"publish","type":"post","link":"https:\/\/zonaroja.com.mx\/?p=51167","title":{"rendered":"Sin pistas a\u00fan de Andrea Itzel; padres niegan que restos hallados sean de ella"},"content":{"rendered":"\n<p>Yuridiana Sosa\/Zona Roja<\/p>\n\n\n\n<p>Oaxaca de Ju\u00e1rez, Oax., a 1 de febrero de 2023.- Padres de la adolescente Andrea Itzel Mart\u00ednez Castellanos, se\u00f1alaron que los restos \u00f3seos localizados en el fin de semana en un paraje de Santiago Sichilquitongo, municipio del que desapareci\u00f3, sean de ella, por lo que la b\u00fasqueda contin\u00faa a 16 d\u00edas de los hechos.<\/p>\n\n\n\n<p>En busca de un nuevo acercamiento con autoridades del gobierno estatal, la familia de la menor de 17 a\u00f1os acudi\u00f3 a a capital oaxaque\u00f1a, pero no encontr\u00f3 a ning\u00fan funcionario que los recibiera para dar seguimiento a su caso.<\/p>\n\n\n\n<p>Desde el z\u00f3calo, frente a Palacio de Gobierno, la madre la v\u00edctima, Catalina Castellanos Cruz, apunt\u00f3 que hasta el momento no existen pruebas que la osamenta corresponda a su hija.<\/p>\n\n\n\n<p>\u201cNo hay certeza que esos restos sean de mi hija y mientras no sea as\u00ed voy a seguir en la b\u00fasqueda\u201d, afirm\u00f3 la mujer.<\/p>\n\n\n\n<p>La Fiscal\u00eda General de Oaxaca, dijo, no les dio un plazo determinado para conocer los resultados de las pruebas correspondientes para descartar o no la identidad, y solo refiere que hacen lo posible para que sea lo m\u00e1s pronto.<\/p>\n\n\n\n<p>Agreg\u00f3 que las prendas de vestir localizadas en el paraje \u201cLos Pirules\u201d, de Suchilquitongo tampoco est\u00e1n relacionadas a la propiedad de su hija, de quien hasta ahora no se existen pistas sobre su ubicaci\u00f3n, ni por medio de llamada alguna, ni por parte de las autoridades de la Fiscal\u00eda.<\/p>\n\n\n\n<p>Mientras tanto, la familia, con ayuda de amigos y la comunidad de Santiago Suchilquitongo contin\u00faan en la b\u00fasqueda de la menor en los lugares cercanos, por lo que tambi\u00e9n pidieron a la poblaci\u00f3n en general a sumarse a la localizaci\u00f3n compartiendo la ficha de b\u00fasqueda o proporcionando informaci\u00f3n \u00fatil.<\/p>\n\n\n\n<p>La adolescente desapareci\u00f3 el pasado 17 de enero y de acuerdo a los padres, la menor se qued\u00f3 esa ma\u00f1ana en el domicilio familiar ubicado en la calle Calvario del Barrio Pe\u00f1asco de dicho municipio, pero cuando los padres volvieron no supieron m\u00e1s de ella.<\/p>\n\n\n\n<figure class=\"wp-block-embed\"><div class=\"wp-block-embed__wrapper\">\n<div class=\"twitter-tweet\"><blockquote class=\"twitter-tweet\" data-lang=\"es\"><p lang=\"es\" dir=\"ltr\"><a href=\"https:\/\/twitter.com\/hashtag\/%C3%9AltimoMinuto?src=hash&amp;ref_src=twsrc%5Etfw\">#\u00daltimoMinuto<\/a><br>Este mediod\u00eda, la madre de Andrea Itzel pidi\u00f3, en conferencia de prensa en la capital de Oaxaca, intensificar la b\u00fasqueda de su hija, a m\u00e1s de tres semanas de desaparecida en Santiago Suchilquitongo. <a href=\"https:\/\/t.co\/2w29tDhUoJ\">pic.twitter.com\/2w29tDhUoJ<\/a><\/p>&mdash; Zona Roja Oaxaca (@ZonaRoja_Oaxaca) <a href=\"https:\/\/twitter.com\/ZonaRoja_Oaxaca\/status\/1620853869155848192?ref_src=twsrc%5Etfw\">1 de febrero de 2023<\/a><\/blockquote><\/div>\n<\/div><\/figure>\n","protected":false},"excerpt":{"rendered":"<p>Yuridiana Sosa\/Zona Roja Oaxaca de Ju\u00e1rez, Oax., a 1 de febrero de 2023.- Padres de&hellip;<\/p>\n","protected":false},"author":2,"featured_media":51171,"comment_status":"closed","ping_status":"open","sticky":false,"template":"","format":"standard","meta":{"_lmt_disableupdate":"","_lmt_disable":"","_jetpack_memberships_contains_paid_content":false,"footnotes":""},"categories":[109,47],"tags":[],"class_list":["post-51167","post","type-post","status-publish","format-standard","has-post-thumbnail","hentry","category-minuto-a-minuto","category-zona-gris"],"jetpack_featured_media_url":"https:\/\/zonaroja.com.mx\/wp-content\/uploads\/2023\/02\/22d9ef30-be1d-496e-a5ea-0e62bb8c219d.jpg","jetpack_sharing_enabled":true,"_links":{"self":[{"href":"https:\/\/zonaroja.com.mx\/index.php?rest_route=\/wp\/v2\/posts\/51167","targetHints":{"allow":["GET"]}}],"collection":[{"href":"https:\/\/zonaroja.com.mx\/index.php?rest_route=\/wp\/v2\/posts"}],"about":[{"href":"https:\/\/zonaroja.com.mx\/index.php?rest_route=\/wp\/v2\/types\/post"}],"author":[{"embeddable":true,"href":"https:\/\/zonaroja.com.mx\/index.php?rest_route=\/wp\/v2\/users\/2"}],"replies":[{"embeddable":true,"href":"https:\/\/zonaroja.com.mx\/index.php?rest_route=%2Fwp%2Fv2%2Fcomments&post=51167"}],"version-history":[{"count":2,"href":"https:\/\/zonaroja.com.mx\/index.php?rest_route=\/wp\/v2\/posts\/51167\/revisions"}],"predecessor-version":[{"id":51172,"href":"https:\/\/zonaroja.com.mx\/index.php?rest_route=\/wp\/v2\/posts\/51167\/revisions\/51172"}],"wp:featuredmedia":[{"embeddable":true,"href":"https:\/\/zonaroja.com.mx\/index.php?rest_route=\/wp\/v2\/media\/51171"}],"wp:attachment":[{"href":"https:\/\/zonaroja.com.mx\/index.php?rest_route=%2Fwp%2Fv2%2Fmedia&parent=51167"}],"wp:term":[{"taxonomy":"category","embeddable":true,"href":"https:\/\/zonaroja.com.mx\/index.php?rest_route=%2Fwp%2Fv2%2Fcategories&post=51167"},{"taxonomy":"post_tag","embeddable":true,"href":"https:\/\/zonaroja.com.mx\/index.php?rest_route=%2Fwp%2Fv2%2Ftags&post=51167"}],"curies":[{"name":"wp","href":"https:\/\/api.w.org\/{rel}","templated":true}]}}