{"id":51169,"date":"2023-02-01T15:27:00","date_gmt":"2023-02-01T21:27:00","guid":{"rendered":"http:\/\/www.zonaroja.com.mx\/?p=51169"},"modified":"2023-02-02T09:45:52","modified_gmt":"2023-02-02T15:45:52","slug":"pend2-11","status":"publish","type":"post","link":"https:\/\/zonaroja.com.mx\/?p=51169","title":{"rendered":"Reprueba familia de Abigail que no hayan encarcelado a ex pareja"},"content":{"rendered":"\n<p>Yuridiana Sosa\/Zona Roja.<\/p>\n\n\n\n<p>Oaxaca de Ju\u00e1rez, Oax., a 1 de febrero de 2023.- \u201cNo se vale que una persona est\u00e1 muerta y estos como si hubiesen matado una cucaracha\u201d, asever\u00f3 con enojo e impotencia el se\u00f1or Jos\u00e9 Luis Hay Hay, ante la determinaci\u00f3n del juez Iv\u00e1n Alberto Villalana Villalobos en dejar en libertad al agresor de su hija fallecida.<\/p>\n\n\n\n<p>Este martes, en la audiencia de ampliaci\u00f3n del t\u00e9rmino constitucional, el juez vincul\u00f3 a proceso a Kleiber N. E., ex pareja de Abigail H.U., por el delito de violencia familiar en contra de la joven, pero sin imponer la medida cautelar de prisi\u00f3n preventiva.<\/p>\n\n\n\n<p>El padre de Abigail H.U. , joven que muri\u00f3 dentro de los separos municipales de Salina Cruz en agosto de 2022, calific\u00f3 la determinaci\u00f3n como un acto de impunidad a los hechos, pues exist\u00edan pruebas acreditadas contra el hombre, quien adem\u00e1s sustrajo desde la fecha de la muerte de la joven al hijo que ten\u00edan en com\u00fan, sin que puedan tener contacto con \u00e9l.&nbsp;<\/p>\n\n\n\n<p>As\u00ed como conden\u00f3 la tolerancia a jueces de ese nivel, quienes ni siquiera son capaces de estar presentes f\u00edsicamente en la audiencia, por lo que tambi\u00e9n llam\u00f3 al gobernador Salom\u00f3n Jara a revisar la justicia en Oaxaca.<\/p>\n\n\n\n<p>\u201cAunque nosotros tengamos la verdad, como v\u00edctimas en este u otros casos, tenemos miedo de los jueces, porque puede que tenemos raz\u00f3n, pero el juez los deja libres (a los presuntos responsables o culpables)\u201d, apunt\u00f3 el padre en conferencia de prensa de prensa de&nbsp;este mi\u00e9rcoles, en el z\u00f3calo de la capital.<\/p>\n\n\n\n<p>Al miedo de la justicia se suma el miedo a las consecuencias de las decisiones, es por ello que por temor a da\u00f1os a su integridad y al resto de su familia, don Jos\u00e9 Luis cambi\u00f3 su domicilio de Salina Cruz al estado de Puebla.<\/p>\n\n\n\n<figure class=\"wp-block-embed\"><div class=\"wp-block-embed__wrapper\">\n<div class=\"twitter-tweet\"><blockquote class=\"twitter-tweet\" data-lang=\"es\"><p lang=\"es\" dir=\"ltr\"><a href=\"https:\/\/twitter.com\/hashtag\/%C3%9AltimoMinuto?src=hash&amp;ref_src=twsrc%5Etfw\">#\u00daltimoMinuto<\/a><br>La familia de Abigail H. U., con el acompa\u00f1amiento de <a href=\"https:\/\/twitter.com\/consorciooaxaca?ref_src=twsrc%5Etfw\">@consorciooaxaca<\/a>, insisti\u00f3 desde el z\u00f3calo de la ciudad de Oaxaca, en justicia para su hija, a cinco meses de su muerte por probable homicidio. <a href=\"https:\/\/t.co\/GUEA0ZDpd8\">pic.twitter.com\/GUEA0ZDpd8<\/a><\/p>&mdash; Zona Roja Oaxaca (@ZonaRoja_Oaxaca) <a href=\"https:\/\/twitter.com\/ZonaRoja_Oaxaca\/status\/1620875761149419520?ref_src=twsrc%5Etfw\">1 de febrero de 2023<\/a><\/blockquote><\/div>\n<\/div><\/figure>\n\n\n\n<p>\u201cA veces ya no resisto, a veces no aguanto, por eso envi\u00e9 una carta al presidente de M\u00e9xico, para que actu\u00e9 contra el juez\u201d, expres\u00f3 el hombre al borde del llanto.&nbsp;<\/p>\n\n\n\n<p>La asesora legal del caso, Dulce Mar\u00eda Ram\u00edrez Sanjuan, explic\u00f3 que, durante la audiencia de&nbsp;este martes, el juez solo estuvo de forma virtual a pesar que se encontraba en la sede, habiendo fallas en la conexi\u00f3n de internet, as\u00ed como tampoco estuvo presente el inculpado a pesar de ser una previa petici\u00f3n de la familia demandante.&nbsp;<\/p>\n\n\n\n<p>Apunt\u00f3 que adem\u00e1s de dejar en libertad al agresor de la v\u00edctima, el juez no impuso ninguna medida de alejamiento para garantizar la seguridad de la familia de&nbsp; Abigail, quien sigue luchando por la justicia y recuperar al menor de tres a\u00f1os de edad.&nbsp;<\/p>\n\n\n\n<p>La defensora de derechos humanos, Yesica S\u00e1nchez Maya, se\u00f1al\u00f3 la actuaci\u00f3n del juez como una violaci\u00f3n o maltrato judicial para la familia de Abigail por negarse a salir a la audiencia.<\/p>\n\n\n\n<p>Por este caso tambi\u00e9n fueron puestos en libertad, tras poco m\u00e1s de tres meses, el ex juez municipal Joel Alberto Luis Vel\u00e1squez y el polic\u00eda municipal, Rafael Ram\u00edrez V\u00e1squez, quienes estuvieron activos el d\u00eda de los hechos y ahora cuentan nuevamente con un puesto en el ayuntamiento que gobierna el morenista Daniel M\u00e9ndez Sosa.<\/p>\n","protected":false},"excerpt":{"rendered":"<p>Yuridiana Sosa\/Zona Roja. Oaxaca de Ju\u00e1rez, Oax., a 1 de febrero de 2023.- \u201cNo se&hellip;<\/p>\n","protected":false},"author":2,"featured_media":51173,"comment_status":"closed","ping_status":"open","sticky":false,"template":"","format":"standard","meta":{"_lmt_disableupdate":"","_lmt_disable":"","_jetpack_memberships_contains_paid_content":false,"footnotes":""},"categories":[109,47],"tags":[],"class_list":["post-51169","post","type-post","status-publish","format-standard","has-post-thumbnail","hentry","category-minuto-a-minuto","category-zona-gris"],"jetpack_featured_media_url":"https:\/\/zonaroja.com.mx\/wp-content\/uploads\/2023\/02\/img_0916.jpg","jetpack_sharing_enabled":true,"_links":{"self":[{"href":"https:\/\/zonaroja.com.mx\/index.php?rest_route=\/wp\/v2\/posts\/51169","targetHints":{"allow":["GET"]}}],"collection":[{"href":"https:\/\/zonaroja.com.mx\/index.php?rest_route=\/wp\/v2\/posts"}],"about":[{"href":"https:\/\/zonaroja.com.mx\/index.php?rest_route=\/wp\/v2\/types\/post"}],"author":[{"embeddable":true,"href":"https:\/\/zonaroja.com.mx\/index.php?rest_route=\/wp\/v2\/users\/2"}],"replies":[{"embeddable":true,"href":"https:\/\/zonaroja.com.mx\/index.php?rest_route=%2Fwp%2Fv2%2Fcomments&post=51169"}],"version-history":[{"count":2,"href":"https:\/\/zonaroja.com.mx\/index.php?rest_route=\/wp\/v2\/posts\/51169\/revisions"}],"predecessor-version":[{"id":51174,"href":"https:\/\/zonaroja.com.mx\/index.php?rest_route=\/wp\/v2\/posts\/51169\/revisions\/51174"}],"wp:featuredmedia":[{"embeddable":true,"href":"https:\/\/zonaroja.com.mx\/index.php?rest_route=\/wp\/v2\/media\/51173"}],"wp:attachment":[{"href":"https:\/\/zonaroja.com.mx\/index.php?rest_route=%2Fwp%2Fv2%2Fmedia&parent=51169"}],"wp:term":[{"taxonomy":"category","embeddable":true,"href":"https:\/\/zonaroja.com.mx\/index.php?rest_route=%2Fwp%2Fv2%2Fcategories&post=51169"},{"taxonomy":"post_tag","embeddable":true,"href":"https:\/\/zonaroja.com.mx\/index.php?rest_route=%2Fwp%2Fv2%2Ftags&post=51169"}],"curies":[{"name":"wp","href":"https:\/\/api.w.org\/{rel}","templated":true}]}}