{"id":51175,"date":"2023-02-01T19:49:42","date_gmt":"2023-02-02T01:49:42","guid":{"rendered":"http:\/\/www.zonaroja.com.mx\/?p=51175"},"modified":"2023-02-01T19:49:44","modified_gmt":"2023-02-02T01:49:44","slug":"identifican-a-baleado-a-unas-cuadras-de-la-secretaria-de-seguridad-de-oaxaca","status":"publish","type":"post","link":"https:\/\/zonaroja.com.mx\/?p=51175","title":{"rendered":"Identifican a baleado a unas cuadras de la Secretar\u00eda de Seguridad de Oaxaca"},"content":{"rendered":"\n<p>Redacci\u00f3n\/Zona Roja.<\/p>\n\n\n\n<p>Oaxaca de Ju\u00e1rez, Oax., a 1 de febrero de 2023.- Con un intento de asesinato a tres cuadras de la oficina de la Secretar\u00eda de Seguridad y Protecci\u00f3n Ciudadana de Oaxaca inici\u00f3 el mes de febrero para el gobernador Salom\u00f3n Jara Cruz.<\/p>\n\n\n\n<p>El ataque armado se registr\u00f3 alrededor de las 13:00 horas en la calle Belisario Dom\u00ednguez casi esquina con Las Rosas, donde un grupo armado acribill\u00f3 un veh\u00edculo marca Nissan, tipo Versa.<\/p>\n\n\n\n<p>Pese a al menos una veintena de disparos, el ocupante de la unidad de motor logr\u00f3 llegar a las oficinas de Seguridad P\u00fablica, ubicadas casi en la esquina de Belisario Dom\u00ednguez con Amapolas.<\/p>\n\n\n\n<p>Ah\u00ed los elementos policiacos lo atendieron y a la vez consultaron sus datos en las plataformas policiacas; fue identificado como Uriel N., de 25 a\u00f1os de edad, con diversos antecedentes delictivos, entre ellos homicidio, fraude, despojo y probables relaciones con la delincuencia organizada.<\/p>\n\n\n\n<p>Tras ser atendido por personal de la Cruz Roja Mexicana, fue trasladado a un hospital privado de la colonia Reforma, donde lo mantienen custodiado elementos de la Guardia Nacional, en tanto la Fiscal\u00eda General del Estado libera las \u00f3rdenes de aprehensi\u00f3n en su contra.<\/p>\n\n\n\n<figure class=\"wp-block-embed is-type-rich is-provider-twitter wp-block-embed-twitter\"><div class=\"wp-block-embed__wrapper\">\n<div class=\"twitter-tweet\"><blockquote class=\"twitter-tweet\" data-lang=\"es\"><p lang=\"es\" dir=\"ltr\"><a href=\"https:\/\/twitter.com\/hashtag\/%C3%9AltimoMinuto?src=hash&amp;ref_src=twsrc%5Etfw\">#\u00daltimoMinuto<\/a><br>Cada vez m\u00e1s grave la inseguridad en Oaxaca. <br>Tercer mes del gobierno de <a href=\"https:\/\/twitter.com\/salomonj?ref_src=twsrc%5Etfw\">@salomonj<\/a> inicia con individuo atacado a balazos en la ciudad capital.<br>Fue a unos metros de las oficinas de la <a href=\"https:\/\/twitter.com\/SSPC_GobOax?ref_src=twsrc%5Etfw\">@SSPC_GobOax<\/a>, donde se refugi\u00f3 el herido y despu\u00e9s lo atendi\u00f3 la <a href=\"https:\/\/twitter.com\/cruzrojaoaxaca?ref_src=twsrc%5Etfw\">@cruzrojaoaxaca<\/a>. <a href=\"https:\/\/t.co\/DbF0Ci0Dkr\">pic.twitter.com\/DbF0Ci0Dkr<\/a><\/p>&mdash; Zona Roja Oaxaca (@ZonaRoja_Oaxaca) <a href=\"https:\/\/twitter.com\/ZonaRoja_Oaxaca\/status\/1620881158576934912?ref_src=twsrc%5Etfw\">1 de febrero de 2023<\/a><\/blockquote><\/div>\n<\/div><\/figure>\n","protected":false},"excerpt":{"rendered":"<p>Redacci\u00f3n\/Zona Roja. Oaxaca de Ju\u00e1rez, Oax., a 1 de febrero de 2023.- Con un intento&hellip;<\/p>\n","protected":false},"author":2,"featured_media":51176,"comment_status":"closed","ping_status":"open","sticky":false,"template":"","format":"standard","meta":{"_lmt_disableupdate":"","_lmt_disable":"","_jetpack_memberships_contains_paid_content":false,"footnotes":""},"categories":[109,47],"tags":[148],"class_list":["post-51175","post","type-post","status-publish","format-standard","has-post-thumbnail","hentry","category-minuto-a-minuto","category-zona-gris","tag-oaxaca-de-juarez"],"jetpack_featured_media_url":"https:\/\/zonaroja.com.mx\/wp-content\/uploads\/2023\/02\/Ataque-a-balazos-ciudad-de-Oaxaca.jpg","jetpack_sharing_enabled":true,"_links":{"self":[{"href":"https:\/\/zonaroja.com.mx\/index.php?rest_route=\/wp\/v2\/posts\/51175","targetHints":{"allow":["GET"]}}],"collection":[{"href":"https:\/\/zonaroja.com.mx\/index.php?rest_route=\/wp\/v2\/posts"}],"about":[{"href":"https:\/\/zonaroja.com.mx\/index.php?rest_route=\/wp\/v2\/types\/post"}],"author":[{"embeddable":true,"href":"https:\/\/zonaroja.com.mx\/index.php?rest_route=\/wp\/v2\/users\/2"}],"replies":[{"embeddable":true,"href":"https:\/\/zonaroja.com.mx\/index.php?rest_route=%2Fwp%2Fv2%2Fcomments&post=51175"}],"version-history":[{"count":1,"href":"https:\/\/zonaroja.com.mx\/index.php?rest_route=\/wp\/v2\/posts\/51175\/revisions"}],"predecessor-version":[{"id":51177,"href":"https:\/\/zonaroja.com.mx\/index.php?rest_route=\/wp\/v2\/posts\/51175\/revisions\/51177"}],"wp:featuredmedia":[{"embeddable":true,"href":"https:\/\/zonaroja.com.mx\/index.php?rest_route=\/wp\/v2\/media\/51176"}],"wp:attachment":[{"href":"https:\/\/zonaroja.com.mx\/index.php?rest_route=%2Fwp%2Fv2%2Fmedia&parent=51175"}],"wp:term":[{"taxonomy":"category","embeddable":true,"href":"https:\/\/zonaroja.com.mx\/index.php?rest_route=%2Fwp%2Fv2%2Fcategories&post=51175"},{"taxonomy":"post_tag","embeddable":true,"href":"https:\/\/zonaroja.com.mx\/index.php?rest_route=%2Fwp%2Fv2%2Ftags&post=51175"}],"curies":[{"name":"wp","href":"https:\/\/api.w.org\/{rel}","templated":true}]}}