{"id":51178,"date":"2023-02-01T20:13:46","date_gmt":"2023-02-02T02:13:46","guid":{"rendered":"http:\/\/www.zonaroja.com.mx\/?p=51178"},"modified":"2023-02-01T20:13:48","modified_gmt":"2023-02-02T02:13:48","slug":"por-orden-de-juez-federal-y-por-errores-de-fiscalia-de-oaxaca-no-encarcelaron-a-ex-pareja-de-abigail","status":"publish","type":"post","link":"https:\/\/zonaroja.com.mx\/?p=51178","title":{"rendered":"Por orden de juez federal y por errores de Fiscal\u00eda de Oaxaca, no encarcelaron a ex pareja de Abigail"},"content":{"rendered":"\n<p>Ismael Garc\u00eda M.\/Zona Roja.<\/p>\n\n\n\n<p>Oaxaca de Ju\u00e1rez, Oax., a 1 de febrero de 2023.- El Ministerio P\u00fablico de la Fiscal\u00eda General del Estado de Oaxaca no pudo acreditar las pruebas suficientes para que el juez de la causa otorgara prisi\u00f3n preventiva a Kleiber E. H., por violencia contra Abigail H. U.<\/p>\n\n\n\n<p>Adem\u00e1s, desde el inicio del proceso judicial, un juez federal le concedi\u00f3 una suspensi\u00f3n definitiva dentro del juicio de amparo que interpuso, para no ser aprehendido y encarcelado el individuo citado.<\/p>\n\n\n\n<p>Ello se desprende de la audiencia efectuada ayer, en que el juez del Poder Judicial del Estado decret\u00f3 vincular a proceso a Kleiber E. H., pero ante la falta de argumentos del Ministerio P\u00fablico y la medida federal, no determin\u00f3 la prisi\u00f3n preventiva.<\/p>\n\n\n\n<p>Como se inform\u00f3, Abigail H. U. muri\u00f3 en una celda municipal de Salina Cruz, el 19 de agosto de 2022, pero tras ello, su familia, encabezada por el se\u00f1or Jos\u00e9 Luis Hay, hab\u00eda denunciado que sufr\u00eda violencia dom\u00e9stica e incluso hab\u00eda se\u00f1alado que Kleiber la entreg\u00f3 a los polic\u00edas, sin que fuera detenido.<\/p>\n\n\n\n<p>Tras la audiencia, ayer se dio un plazo de dos meses para el cierre de investigaci\u00f3n, pero ante la improcedencia de la prisi\u00f3n, el Ministerio P\u00fablico de la Fiscal\u00eda tampoco solicit\u00f3 la imposici\u00f3n de alguna otra medida cautelar.<\/p>\n","protected":false},"excerpt":{"rendered":"<p>Ismael Garc\u00eda M.\/Zona Roja. Oaxaca de Ju\u00e1rez, Oax., a 1 de febrero de 2023.- El&hellip;<\/p>\n","protected":false},"author":2,"featured_media":44973,"comment_status":"closed","ping_status":"open","sticky":false,"template":"","format":"standard","meta":{"_lmt_disableupdate":"","_lmt_disable":"","_jetpack_memberships_contains_paid_content":false,"footnotes":""},"categories":[109,47],"tags":[3234],"class_list":["post-51178","post","type-post","status-publish","format-standard","has-post-thumbnail","hentry","category-minuto-a-minuto","category-zona-gris","tag-abigail-hay-urrutia"],"jetpack_featured_media_url":"https:\/\/zonaroja.com.mx\/wp-content\/uploads\/2022\/08\/Abigail-Hay-detencion.jpg","jetpack_sharing_enabled":true,"_links":{"self":[{"href":"https:\/\/zonaroja.com.mx\/index.php?rest_route=\/wp\/v2\/posts\/51178","targetHints":{"allow":["GET"]}}],"collection":[{"href":"https:\/\/zonaroja.com.mx\/index.php?rest_route=\/wp\/v2\/posts"}],"about":[{"href":"https:\/\/zonaroja.com.mx\/index.php?rest_route=\/wp\/v2\/types\/post"}],"author":[{"embeddable":true,"href":"https:\/\/zonaroja.com.mx\/index.php?rest_route=\/wp\/v2\/users\/2"}],"replies":[{"embeddable":true,"href":"https:\/\/zonaroja.com.mx\/index.php?rest_route=%2Fwp%2Fv2%2Fcomments&post=51178"}],"version-history":[{"count":1,"href":"https:\/\/zonaroja.com.mx\/index.php?rest_route=\/wp\/v2\/posts\/51178\/revisions"}],"predecessor-version":[{"id":51179,"href":"https:\/\/zonaroja.com.mx\/index.php?rest_route=\/wp\/v2\/posts\/51178\/revisions\/51179"}],"wp:featuredmedia":[{"embeddable":true,"href":"https:\/\/zonaroja.com.mx\/index.php?rest_route=\/wp\/v2\/media\/44973"}],"wp:attachment":[{"href":"https:\/\/zonaroja.com.mx\/index.php?rest_route=%2Fwp%2Fv2%2Fmedia&parent=51178"}],"wp:term":[{"taxonomy":"category","embeddable":true,"href":"https:\/\/zonaroja.com.mx\/index.php?rest_route=%2Fwp%2Fv2%2Fcategories&post=51178"},{"taxonomy":"post_tag","embeddable":true,"href":"https:\/\/zonaroja.com.mx\/index.php?rest_route=%2Fwp%2Fv2%2Ftags&post=51178"}],"curies":[{"name":"wp","href":"https:\/\/api.w.org\/{rel}","templated":true}]}}