{"id":5118,"date":"2019-10-25T09:29:53","date_gmt":"2019-10-25T14:29:53","guid":{"rendered":"http:\/\/www.zonaroja.com.mx\/?p=5118"},"modified":"2019-10-25T09:29:57","modified_gmt":"2019-10-25T14:29:57","slug":"y-edith-canta-asi-hermana-de-yalitza-aparicio-muestra-su-talento-vocal","status":"publish","type":"post","link":"https:\/\/zonaroja.com.mx\/?p=5118","title":{"rendered":"\u00a1Y Edith canta as\u00ed! Hermana de Yalitza Aparicio, muestra su talento vocal"},"content":{"rendered":"\n<p>Evlin Arag\u00f3n\/Zona Roja.<\/p>\n\n\n\n<p>Oaxaca de Ju\u00e1rez, Oax., 25 de octubre de\n2019.- Con la participaci\u00f3n especial de Edith Aparicio Mart\u00ednez, hermana de la\nreconocida actriz oaxaque\u00f1a Yalitza Aparicio, la agrupaci\u00f3n \u201cRa\u00edces de\nTlaxiaco\u201d present\u00f3 su m\u00e1s reciente videoclip \u201cMi Tierra\u201d en el que hacen un\nretrato hablado del municipio perteneciente a la regi\u00f3n Mixteca.<\/p>\n\n\n\n<p>La cantante particip\u00f3 en la presentaci\u00f3n\nde videoclip, perteneciente a la producci\u00f3n \u201cFiestas de Tlaxiaco\u201d, que se llev\u00f3\na cabo el pasado fin de semana en la explanada municipal y en la que dio\nmuestra de su talento vocal, al acompa\u00f1ar a la agrupaci\u00f3n con m\u00e1s de cuatro\na\u00f1os de trayectoria.<\/p>\n\n\n\n<p>En la producci\u00f3n audiovisual que\ndemuestra la grandeza de Tlaxiaco, la hermana de la m\u00e1s famosa oaxaque\u00f1a en los\n\u00faltimos tiempos, porta la indumentaria tradicional de la regi\u00f3n mientras es\nretratada en diversos paisajes y escenarios que demuestran la belleza de la\nlocalidad.<\/p>\n\n\n\n<p>\u201cQue hermoso es el cantar de las aves de\nmi tierra\u201d son los primeros acordes que interpreta Edith, quien acompa\u00f1a a\nXimena Brisa L\u00f3pez L\u00f3pez, Shanic Itzayana Cisneros Cortes y Jos\u00e9 Antonio\nFuentes Aparicio, quienes son las voces oficiales de la agrupaci\u00f3n.<\/p>\n\n\n\n<p>Mientras que en el resto de la melod\u00eda\nhace gala de la educada voz con la que cuenta y de la cual ya hab\u00eda dado\nmuestra previamente en su canal de YouTube donde da a conocer sus presentaciones\nen palenques y fiestas de los pueblos particularmente de la Mixteca.<\/p>\n\n\n\n<p>Para nadie es desconocido que fue Edith Aparicio la primera que demostr\u00f3 la vena art\u00edstica en su familia, de hecho fue ella la invitada al casting que hizo Alfonso Cuar\u00f3n para la pel\u00edcula \u201cRoma\u201d, sin embargo, su embarazo no le permiti\u00f3 asistir, alentando a su hermana a participar con los resultados que todo el mundo conoce.<\/p>\n\n\n\n<figure class=\"wp-block-embed-youtube wp-block-embed is-type-video is-provider-youtube wp-embed-aspect-16-9 wp-has-aspect-ratio\"><div class=\"wp-block-embed__wrapper\">\n<iframe title=\"Mi Tierra - Ra\u00edces de Tlaxiaco - Videoclip Oficial 2019\" width=\"1170\" height=\"658\" src=\"https:\/\/www.youtube.com\/embed\/uPoPEvvgWy0?feature=oembed\" frameborder=\"0\" allow=\"accelerometer; autoplay; encrypted-media; gyroscope; picture-in-picture\" allowfullscreen><\/iframe>\n<\/div><\/figure>\n\n\n\n<p>La conexi\u00f3n con el grupo \u201cRa\u00edces de\nTlaxiaco\u201d es de ambas hermanas ya que previamente la propia Yalitza particip\u00f3\nen el videoclip \u201cPulque bendito\u201d, el cual fue filmado en la localidad de Llano\nGuadalupe, en Tlaxiaco, donde se puede ver a la reconocida actriz portando un\ntraje t\u00edpico de la mixteca oaxaque\u00f1a, con copal en las&nbsp; manos y caminando a paso lento para\nparticipar en la ofrenda en honor al maguey.<\/p>\n\n\n\n<p>La agrupaci\u00f3n que surgi\u00f3 en el 2015, est\u00e1\ndirigida por Manuel Cruz Velasco y conformada por 15 estudiantes, de siete a\u00f1os\nen adelante, de la Casa de la Cultura de Tlaxiaco en donde inici\u00f3 la propuesta\nmusical y en donde siguen realizando cada uno de los ensayos para sus\npresentaciones fuera del estado.<\/p>\n\n\n\n<p>De acuerdo con Manuel Cruz, los temas\nque plasman en el disco son el vivir y sentir de la gente de la localidad, como\nmuestra la canci\u00f3n \u201cFiesta de la ciudad\u201d&nbsp;\nque habla de las fiestas patronales, fiestas de octubre, algarab\u00eda,\ncostumbres, y gastronom\u00eda de Tlaxiaco.<\/p>\n","protected":false},"excerpt":{"rendered":"<p>Evlin Arag\u00f3n\/Zona Roja. Oaxaca de Ju\u00e1rez, Oax., 25 de octubre de 2019.- Con la participaci\u00f3n&hellip;<\/p>\n","protected":false},"author":2,"featured_media":5119,"comment_status":"closed","ping_status":"open","sticky":false,"template":"","format":"standard","meta":{"_lmt_disableupdate":"","_lmt_disable":"","_jetpack_memberships_contains_paid_content":false,"footnotes":""},"categories":[109,49],"tags":[912,913],"class_list":["post-5118","post","type-post","status-publish","format-standard","has-post-thumbnail","hentry","category-minuto-a-minuto","category-zona-fresa","tag-edith-aparicio-martinez","tag-yalitza-aparicio-martinez"],"jetpack_featured_media_url":"https:\/\/zonaroja.com.mx\/wp-content\/uploads\/2019\/10\/Edith-Aparicio.jpg","jetpack_sharing_enabled":true,"_links":{"self":[{"href":"https:\/\/zonaroja.com.mx\/index.php?rest_route=\/wp\/v2\/posts\/5118","targetHints":{"allow":["GET"]}}],"collection":[{"href":"https:\/\/zonaroja.com.mx\/index.php?rest_route=\/wp\/v2\/posts"}],"about":[{"href":"https:\/\/zonaroja.com.mx\/index.php?rest_route=\/wp\/v2\/types\/post"}],"author":[{"embeddable":true,"href":"https:\/\/zonaroja.com.mx\/index.php?rest_route=\/wp\/v2\/users\/2"}],"replies":[{"embeddable":true,"href":"https:\/\/zonaroja.com.mx\/index.php?rest_route=%2Fwp%2Fv2%2Fcomments&post=5118"}],"version-history":[{"count":1,"href":"https:\/\/zonaroja.com.mx\/index.php?rest_route=\/wp\/v2\/posts\/5118\/revisions"}],"predecessor-version":[{"id":5120,"href":"https:\/\/zonaroja.com.mx\/index.php?rest_route=\/wp\/v2\/posts\/5118\/revisions\/5120"}],"wp:featuredmedia":[{"embeddable":true,"href":"https:\/\/zonaroja.com.mx\/index.php?rest_route=\/wp\/v2\/media\/5119"}],"wp:attachment":[{"href":"https:\/\/zonaroja.com.mx\/index.php?rest_route=%2Fwp%2Fv2%2Fmedia&parent=5118"}],"wp:term":[{"taxonomy":"category","embeddable":true,"href":"https:\/\/zonaroja.com.mx\/index.php?rest_route=%2Fwp%2Fv2%2Fcategories&post=5118"},{"taxonomy":"post_tag","embeddable":true,"href":"https:\/\/zonaroja.com.mx\/index.php?rest_route=%2Fwp%2Fv2%2Ftags&post=5118"}],"curies":[{"name":"wp","href":"https:\/\/api.w.org\/{rel}","templated":true}]}}