{"id":51180,"date":"2023-02-01T22:02:54","date_gmt":"2023-02-02T04:02:54","guid":{"rendered":"http:\/\/www.zonaroja.com.mx\/?p=51180"},"modified":"2023-02-01T22:02:57","modified_gmt":"2023-02-02T04:02:57","slug":"lo-que-hemos-vivido-no-lo-va-a-vivir-ni-una-mujer-mas-victimas-de-violencia-vicaria","status":"publish","type":"post","link":"https:\/\/zonaroja.com.mx\/?p=51180","title":{"rendered":"\u201cLo que hemos vivido no lo va a vivir ni una mujer m\u00e1s\u201d: v\u00edctimas de violencia vicaria"},"content":{"rendered":"\n<p>Yuridiana Sosa\/Zona Roja.<\/p>\n\n\n\n<p>Oaxaca de Ju\u00e1rez, Oax., a 1 de febrero de 2023.- Tras varios meses de lucha para poder ver a sus hijas e hijos, madres v\u00edctimas de violencia vicaria ven una luz en la oscuridad, ante la aprobaci\u00f3n de reformas en el Congreso de Oaxaca para castigar estos actos contra las mujeres y sus menores hijos.<\/p>\n\n\n\n<p>Ileana Acevedo y Olivia Carbajal se abrazaron y lloraron, la batalla legal que han emprendido desde hace 761 d\u00edas y 300 d\u00edas, respectivamente, desde que les fueron arrebatadas por sus ex parejas y no han podido ver a sus hijas, puede dar un giro para volver a encontrarse con ellas.<\/p>\n\n\n\n<p>Ambas fueron parte de la propuesta final para el dictamen con Proyecto de Decreto en el que se adiciona la fracci\u00f3n XI y se recorre la subsecuente al art\u00edculo 7 de la Ley Estatal de Acceso de las Mujeres a una Vida Libre de violencia de G\u00e9nero, es decir, se reconoce la violencia vicaria.<\/p>\n\n\n\n<p>El dictamen de la Comisi\u00f3n Permanente de Mujeres e Igualdad de G\u00e9nero \u2014que preside la diputada Mariana Ben\u00edtez Tiburcio, fue aprobado con 30 votos a favor, y con ello, Oaxaca se convierte en la entidad 17 en reconocer para poder sancionar dichos actos.<\/p>\n\n\n\n<p>\u201cLo que hemos vivido nosotras no lo va a vivir ni una mujer m\u00e1s. Para nosotras es estar muertas en vida\u201d, se\u00f1al\u00f3 la representante nacional del Frente Nacional Contra la Violencia Vicaria, Ileana Acevedo Brena, quien lleva m\u00e1s de 760 d\u00edas sin ver a su hija Valentina.<\/p>\n\n\n\n<p>Las madres v\u00edctimas de esta violencia- ejercida principalmente por el progenitor-, apunt\u00f3, son \u201csobrevivientes\u201d porque deben de seguir aun sin sus hijos, quienes les fueron arrebatados de la noche a la ma\u00f1ana, algunas llevan cinco o hasta 10 a\u00f1os sin poder tener comunicaci\u00f3n con ellos, o muy limitada; otras, adem\u00e1s, fueron acusadas falsamente de acciones que los alejaban de sus hijos.<\/p>\n\n\n\n<figure class=\"wp-block-embed is-type-rich is-provider-twitter wp-block-embed-twitter\"><div class=\"wp-block-embed__wrapper\">\n<div class=\"twitter-tweet\"><blockquote class=\"twitter-tweet\" data-lang=\"es\"><p lang=\"es\" dir=\"ltr\"><a href=\"https:\/\/twitter.com\/hashtag\/%C3%9AltimoMinuto?src=hash&amp;ref_src=twsrc%5Etfw\">#\u00daltimoMinuto<\/a><br>Con 27 votos a favor, el pleno del <a href=\"https:\/\/twitter.com\/CongresoOaxaca_?ref_src=twsrc%5Etfw\">@CongresoOaxaca_<\/a> aprob\u00f3 modificaciones legales, para sancionar en Oaxaca la violencia vicaria; la diputada <a href=\"https:\/\/twitter.com\/marianabenitezt?ref_src=twsrc%5Etfw\">@marianabenitezt<\/a> celebr\u00f3 el aval y la lucha de las mujeres que padecen esta situaci\u00f3n. <a href=\"https:\/\/t.co\/J9GqcjFhCp\">pic.twitter.com\/J9GqcjFhCp<\/a><\/p>&mdash; Zona Roja Oaxaca (@ZonaRoja_Oaxaca) <a href=\"https:\/\/twitter.com\/ZonaRoja_Oaxaca\/status\/1620901002219257856?ref_src=twsrc%5Etfw\">1 de febrero de 2023<\/a><\/blockquote><\/div>\n<\/div><\/figure>\n\n\n\n<p>El documento aprobado re\u00fane las iniciativas de los diputados Liz Arroyo, Ses\u00fal Bola\u00f1os y de las v\u00edctimas representadas a trav\u00e9s del Frente Nacional Contra la Violencia Vicaria y colectivos.<\/p>\n\n\n\n<p>LARGA LUCHA<\/p>\n\n\n\n<p>La lucha para lograr este reconocimiento comenz\u00f3 el pasado 3 de mayo de 2022, cuando el Frente Nacional contra la Violencia Vicaria, en Oaxaca, presentaron a la 65 Legislatura del Congreso estatal una iniciativa de ley para a\u00f1adir esta violencia en las formas de violencia contra las mujeres y tipificar dicho delito en el C\u00f3digo Penal y Civil de Oaxaca.<\/p>\n\n\n\n<p>La red de mujeres que: \u201cla violencia vicaria es toda acci\u00f3n u omisi\u00f3n dolosa contra la mujer que ejerce el hombre por s\u00ed o por otra persona, utilizando como medio a las hijos o hijas, producto de la a relaci\u00f3n con el c\u00f3nyuge, ex c\u00f3nyuge, concubina, ex concubina, pareja o ex pareja, o contra otras personas significativas para ellas, con el objeto de causar a la madre un da\u00f1o, control o manipulaci\u00f3n\u201d.<\/p>\n\n\n\n<p>En tanto, d\u00edas despu\u00e9s, el 1 de julio, otro grupo de ciudadanos present\u00f3 en el Congreso de Oaxaca la propuesta contempla la adici\u00f3n de la fracci\u00f3n s\u00e9ptima al Art\u00edculo 404 Bis, del C\u00f3digo Penal, con el fin de reconocer a la violencia vicaria como un tipo de violencia familiar.<\/p>\n\n\n\n<p>La propuesta expuso a la violencia vicaria \u201ctoda acci\u00f3n u omisi\u00f3n que ponga en riesgo, lesione, da\u00f1e la integridad f\u00edsica, psicol\u00f3gica de hijos, familiares cercanos, animales dom\u00e9sticos de compa\u00f1\u00eda o cualquier personas o animal con el que la persona con quien tenga o haya tenido una relaci\u00f3n de parentesco -consangu\u00ednea, afinidad, legal, concubinato, noviazgo, relaciones de convivencia,&nbsp; tenga un lazo emocional afectivo- con la finalidad de condicionar la conducta, someterla, hacerla sufrir o intimide, con independencia de otros delitos que se llegaran a configurar\u201d.<\/p>\n\n\n\n<p>La aprobaci\u00f3n fue reconocida por la diputada Marian Ben\u00edtez Tiburcio, presidenta de la Comisi\u00f3n de Permanente de Mujeres e Igualdad de G\u00e9nero, y el diputado Ses\u00fal Bola\u00f1os, quienes coincidieron que para Oaxaca es un d\u00eda hist\u00f3rico.<\/p>\n\n\n\n<figure class=\"wp-block-embed is-type-rich is-provider-twitter wp-block-embed-twitter\"><div class=\"wp-block-embed__wrapper\">\n<div class=\"twitter-tweet\"><blockquote class=\"twitter-tweet\" data-lang=\"es\"><p lang=\"es\" dir=\"ltr\"><a href=\"https:\/\/twitter.com\/hashtag\/%C3%9AltimoMinuto?src=hash&amp;ref_src=twsrc%5Etfw\">#\u00daltimoMinuto<\/a><br>Entre l\u00e1grimas, Ileana Acevedo Brena, representante nacional del Frente Nacional Contra la Violencia Vicaria, y Oliva Carbajal, celebraron la iniciativa aprobada por el <a href=\"https:\/\/twitter.com\/CongresoOaxaca_?ref_src=twsrc%5Etfw\">@CongresoOaxaca_<\/a> para castigar la violencia vicaria en el estado. <a href=\"https:\/\/t.co\/H19bxZuzqx\">pic.twitter.com\/H19bxZuzqx<\/a><\/p>&mdash; Zona Roja Oaxaca (@ZonaRoja_Oaxaca) <a href=\"https:\/\/twitter.com\/ZonaRoja_Oaxaca\/status\/1620929937007054849?ref_src=twsrc%5Etfw\">1 de febrero de 2023<\/a><\/blockquote><\/div>\n<\/div><\/figure>\n","protected":false},"excerpt":{"rendered":"<p>Yuridiana Sosa\/Zona Roja. Oaxaca de Ju\u00e1rez, Oax., a 1 de febrero de 2023.- Tras varios&hellip;<\/p>\n","protected":false},"author":2,"featured_media":51181,"comment_status":"closed","ping_status":"open","sticky":false,"template":"","format":"standard","meta":{"_lmt_disableupdate":"","_lmt_disable":"","_jetpack_memberships_contains_paid_content":false,"footnotes":""},"categories":[109,46],"tags":[2743],"class_list":["post-51180","post","type-post","status-publish","format-standard","has-post-thumbnail","hentry","category-minuto-a-minuto","category-zona-blanca","tag-65-legislatura-del-estado-de-oaxaca"],"jetpack_featured_media_url":"https:\/\/zonaroja.com.mx\/wp-content\/uploads\/2023\/02\/Frente-Nacional-contra-la-Violencia-Vicaria.png","jetpack_sharing_enabled":true,"_links":{"self":[{"href":"https:\/\/zonaroja.com.mx\/index.php?rest_route=\/wp\/v2\/posts\/51180","targetHints":{"allow":["GET"]}}],"collection":[{"href":"https:\/\/zonaroja.com.mx\/index.php?rest_route=\/wp\/v2\/posts"}],"about":[{"href":"https:\/\/zonaroja.com.mx\/index.php?rest_route=\/wp\/v2\/types\/post"}],"author":[{"embeddable":true,"href":"https:\/\/zonaroja.com.mx\/index.php?rest_route=\/wp\/v2\/users\/2"}],"replies":[{"embeddable":true,"href":"https:\/\/zonaroja.com.mx\/index.php?rest_route=%2Fwp%2Fv2%2Fcomments&post=51180"}],"version-history":[{"count":1,"href":"https:\/\/zonaroja.com.mx\/index.php?rest_route=\/wp\/v2\/posts\/51180\/revisions"}],"predecessor-version":[{"id":51182,"href":"https:\/\/zonaroja.com.mx\/index.php?rest_route=\/wp\/v2\/posts\/51180\/revisions\/51182"}],"wp:featuredmedia":[{"embeddable":true,"href":"https:\/\/zonaroja.com.mx\/index.php?rest_route=\/wp\/v2\/media\/51181"}],"wp:attachment":[{"href":"https:\/\/zonaroja.com.mx\/index.php?rest_route=%2Fwp%2Fv2%2Fmedia&parent=51180"}],"wp:term":[{"taxonomy":"category","embeddable":true,"href":"https:\/\/zonaroja.com.mx\/index.php?rest_route=%2Fwp%2Fv2%2Fcategories&post=51180"},{"taxonomy":"post_tag","embeddable":true,"href":"https:\/\/zonaroja.com.mx\/index.php?rest_route=%2Fwp%2Fv2%2Ftags&post=51180"}],"curies":[{"name":"wp","href":"https:\/\/api.w.org\/{rel}","templated":true}]}}