{"id":51198,"date":"2023-02-02T12:07:00","date_gmt":"2023-02-02T18:07:00","guid":{"rendered":"http:\/\/www.zonaroja.com.mx\/?p=51198"},"modified":"2023-02-02T08:18:32","modified_gmt":"2023-02-02T14:18:32","slug":"brinda-centro-de-justicia-alternativa-apoyo-para-solucion-de-conflictos-entre-escolares","status":"publish","type":"post","link":"https:\/\/zonaroja.com.mx\/?p=51198","title":{"rendered":"Brinda Centro de Justicia Alternativa apoyo para soluci\u00f3n de conflictos entre escolares"},"content":{"rendered":"\n<p>Redacci\u00f3n\/Zona Roja.<\/p>\n\n\n\n<p>Oaxaca de Ju\u00e1rez, Oax., a 2 de febrero de 2023.- A trav\u00e9s de diferentes actividades y la impartici\u00f3n de talleres&nbsp;con especialistas,&nbsp;el Centro de Justicia Alternativa del Poder Judicial del Estado&nbsp;sensibiliza a&nbsp;directivos, docentes y estudiantes&nbsp;sobre la importancia del di\u00e1logo para la soluci\u00f3n de&nbsp;conflictos que se pudieran presentar en los planteles educativos,&nbsp;adem\u00e1s de que promueve la pr\u00e1ctica valores como el respeto, empat\u00eda, sana convivencia e igualdad.<\/p>\n\n\n\n<p>En entrevista,&nbsp;la psic\u00f3loga de esa&nbsp;\u00e1rea, Mar\u00eda del Carmen Gonz\u00e1lez Tellaeche, explic\u00f3 que la mediaci\u00f3n escolar involucra al alumnado, profesorado, madres y padres de familia para llegar a t\u00e9rminos pac\u00edficos en situaciones como diferencias entre&nbsp;las y&nbsp;los estudiantes, bullying o ciberbullying, este \u00faltimo con un incremento importante en&nbsp;los \u00faltimos a\u00f1os.&nbsp;<\/p>\n\n\n\n<p>Se\u00f1al\u00f3 que los casos pueden resolverse tanto por la v\u00eda del&nbsp;Centro de Justicia Alternativa&nbsp;como en la propia instituci\u00f3n educativa con el apoyo de este organismo y para iniciar la atenci\u00f3n es importante que las y los involucrados acudan de manera voluntaria.&nbsp;<\/p>\n\n\n\n<p>La especialista indic\u00f3 que&nbsp;mediante talleres como el denominado&nbsp;\u201cConstruyendo la Paz desde el&nbsp;Aula\u201d,&nbsp;el Centro de Justicia Alternativa&nbsp;ha trabajado en este tema&nbsp;la comunidad estudiantil de&nbsp;planteles del&nbsp;Cecyteo&nbsp;de&nbsp;Jamiltepec, Santa Mar\u00eda&nbsp;Atzompa, San Pablo&nbsp;Huixtepec,&nbsp;Telixtlahuaca, Ixtl\u00e1n y Etla, el&nbsp;Cobao&nbsp;y telesecundarias,&nbsp;fortaleciendo en las y los j\u00f3venes&nbsp;los valores y la convivencia social, el respeto&nbsp;a las leyes y los derechos humanos.<\/p>\n\n\n\n<p>Para mayor informaci\u00f3n sobre el servicio de mediaci\u00f3n escolar o la impartici\u00f3n de talleres, invit\u00f3 a la ciudadan\u00eda en general acercarse a las instalaciones ubicadas&nbsp;en la calzada Madero n\u00famero 908 letra K. Ex marquesado, Centro, Oaxaca. Los tel\u00e9fonos son: (951) 514 9191, 514 1471 y 01800 821 6789. Los servicios que brinda son gratuitos.<\/p>\n\n\n\n<p>En el marco del D\u00eda Escolar de la No Violencia y la Paz, que se conmemor\u00f3 el pasado 30 de enero, el Poder Judicial del Estado, a trav\u00e9s del Centro de Justicia Alternativa refrend\u00f3 su compromiso de fortalecer la&nbsp;mediaci\u00f3n escolar como v\u00eda para el manejo y soluci\u00f3n de conflictos mediante el di\u00e1logo, as\u00ed como el respeto mutuo.<\/p>\n","protected":false},"excerpt":{"rendered":"<p>Redacci\u00f3n\/Zona Roja. Oaxaca de Ju\u00e1rez, Oax., a 2 de febrero de 2023.- A trav\u00e9s de&hellip;<\/p>\n","protected":false},"author":2,"featured_media":51200,"comment_status":"closed","ping_status":"open","sticky":false,"template":"","format":"standard","meta":{"_lmt_disableupdate":"","_lmt_disable":"","_jetpack_memberships_contains_paid_content":false,"footnotes":""},"categories":[109,46],"tags":[223],"class_list":["post-51198","post","type-post","status-publish","format-standard","has-post-thumbnail","hentry","category-minuto-a-minuto","category-zona-blanca","tag-poder-judicial-de-oaxaca"],"jetpack_featured_media_url":"https:\/\/zonaroja.com.mx\/wp-content\/uploads\/2023\/02\/El-Centro-de-Justicia-Alternativa-cuenta-con-un-area-infantil-2.jpg","jetpack_sharing_enabled":true,"_links":{"self":[{"href":"https:\/\/zonaroja.com.mx\/index.php?rest_route=\/wp\/v2\/posts\/51198","targetHints":{"allow":["GET"]}}],"collection":[{"href":"https:\/\/zonaroja.com.mx\/index.php?rest_route=\/wp\/v2\/posts"}],"about":[{"href":"https:\/\/zonaroja.com.mx\/index.php?rest_route=\/wp\/v2\/types\/post"}],"author":[{"embeddable":true,"href":"https:\/\/zonaroja.com.mx\/index.php?rest_route=\/wp\/v2\/users\/2"}],"replies":[{"embeddable":true,"href":"https:\/\/zonaroja.com.mx\/index.php?rest_route=%2Fwp%2Fv2%2Fcomments&post=51198"}],"version-history":[{"count":1,"href":"https:\/\/zonaroja.com.mx\/index.php?rest_route=\/wp\/v2\/posts\/51198\/revisions"}],"predecessor-version":[{"id":51201,"href":"https:\/\/zonaroja.com.mx\/index.php?rest_route=\/wp\/v2\/posts\/51198\/revisions\/51201"}],"wp:featuredmedia":[{"embeddable":true,"href":"https:\/\/zonaroja.com.mx\/index.php?rest_route=\/wp\/v2\/media\/51200"}],"wp:attachment":[{"href":"https:\/\/zonaroja.com.mx\/index.php?rest_route=%2Fwp%2Fv2%2Fmedia&parent=51198"}],"wp:term":[{"taxonomy":"category","embeddable":true,"href":"https:\/\/zonaroja.com.mx\/index.php?rest_route=%2Fwp%2Fv2%2Fcategories&post=51198"},{"taxonomy":"post_tag","embeddable":true,"href":"https:\/\/zonaroja.com.mx\/index.php?rest_route=%2Fwp%2Fv2%2Ftags&post=51198"}],"curies":[{"name":"wp","href":"https:\/\/api.w.org\/{rel}","templated":true}]}}