{"id":51204,"date":"2023-02-02T12:23:00","date_gmt":"2023-02-02T18:23:00","guid":{"rendered":"http:\/\/www.zonaroja.com.mx\/?p=51204"},"modified":"2023-02-02T16:19:30","modified_gmt":"2023-02-02T22:19:30","slug":"pend1-16","status":"publish","type":"post","link":"https:\/\/zonaroja.com.mx\/?p=51204","title":{"rendered":"Adi\u00f3s al di\u00e1logo: con polic\u00edas, Jara y Neri frenan protesta de triquis al z\u00f3calo de Oaxaca"},"content":{"rendered":"\n<p>Yuridiana Sosa\/Zona Roja.<\/p>\n\n\n\n<p>Oaxaca de Ju\u00e1rez, Oax., a 2 de febrero de 2023.- Y el pregonado di\u00e1logo de la llamada \u201cCuarta Transformaci\u00f3n\u201d se termin\u00f3 para los manifestantes. <\/p>\n\n\n\n<p>El gobierno de Salom\u00f3n Jara, aliado con el municipal de Francisco Mart\u00ednez Neri, se fue contra mujeres ind\u00edgenas triquis desplazadas, desplegando un operativo y cerco policial en el z\u00f3calo de Oaxaca.<\/p>\n\n\n\n<p>Cerca de las 11:30 horas comenz\u00f3 la movilizaci\u00f3n policial de elementos municipales y estatales al rededor del z\u00f3calo y Palacio de Gobierno, principalmente sobre la avenida Hidalgo, para impedir el arribo de la marcha de un grupo no mayor a 30 ind\u00edgenas hasta el z\u00f3calo, donde pretend\u00edan instalar un plant\u00f3n.<\/p>\n\n\n\n<p>En instantes, el acceso al z\u00f3calo fue interrumpido por las unidades de la polic\u00eda, ocupando hasta patrullas rosas \u201cpara la mujer\u201d; una valla humana de elementos policiales, con chalecos antibalas, cubri\u00f3 el ancho de la arteria para recibir la pac\u00edfica manifestaci\u00f3n en la que tambi\u00e9n participaron menores de edad.<\/p>\n\n\n\n<p>Las mujeres desplazadas de San Juan y San Miguel Copala ven\u00edan en marcha desde la fuente de las Ocho Regiones, al norte de la ciudad, en desacuerdo a la desatenci\u00f3n que el Gobierno del Estado ha mostrado sobre una respuesta a su reubicaci\u00f3n o retorno seguro tras el desalojo del 2 de diciembre del corredor del Palacio de Gobierno.<\/p>\n\n\n\n<p>EL PLANT\u00d3N VA <\/p>\n\n\n\n<p>\u201cSi no hay soluci\u00f3n nos quedamos en plant\u00f3n!\u201d \u201cSi no hay soluci\u00f3n nos quedamos en plant\u00f3n!\u201d, gritaron las mujeres frente a la valla humana de polic\u00edas. <\/p>\n\n\n\n<p>Desde hace dos meses del desalojo las familias que representa la dirigente triqui Sergia Zepeda han sido ignoradas en las mesas de paz y seguridad que el gobierno estatal y federal instalaron para el retorno seguro de los desplazados de la naci\u00f3n Triqui.<\/p>\n\n\n\n<p>A ello se suma que tampoco han recibo respuesta de la Secretar\u00eda de Gobierno que dirige Jes\u00fas Romero sobre una supuesta reubicaci\u00f3n para que pueda. continuar con la venta de sus productos que ten\u00edan en los bajos del palacio, de lo que los gobiernos, estatal y municipal, solo se responsabilizan uno al otro.<\/p>\n\n\n\n<p>El hartazgo moviliz\u00f3 a los desplazados, quienes advirtieron que a pesar del cerco policial insistir\u00e1n en instalar su plant\u00f3n como medida de presi\u00f3n.<\/p>\n\n\n\n<p>\u201cNo entendemos al estado, dice que el<br \/>z\u00f3calo es un espacio libre&#8230;sabemos que hacen esto (operativo) porque no hay una respuesta concreta al desplazamiento forzado\u201d, se\u00f1al\u00f3 Sergia Zepeda.<\/p>\n\n\n\n<p>\u201cSomos obligados a salir, a gritar a las calles para que el gobierno nos volteen a ver\u201d agreg\u00f3.<\/p>\n\n\n\n<p>LA CONTRAPARTE<\/p>\n\n\n\n<p>Mientras a unos pasos el operativo conten\u00eda una reducida manifestaci\u00f3n , frente al Palacio de Gobierno, desde el z\u00f3calo, la dirigencia del Movimiento de Unificaci\u00f3n y Lucha Triqui (MULT) desarroll\u00f3 una protesta.<\/p>\n\n\n\n<p>Sin nada y nadie que les impidiera su presencia, el MULT se\u00f1al\u00f3 que continuar\u00e1 en su lucha por exigir justicia por los compa\u00f1eros asesinados.<\/p>\n\n\n\n<p>Tras asegurara que ah\u00ed se encontraban las autoridades de toda la naci\u00f3n Triqui, la organizaci\u00f3n apunt\u00f3 que ning\u00fan gobierno, sin importar partido, ha garantizado el esclarecimiento de los hechos delictivos en su contra.<\/p>\n","protected":false},"excerpt":{"rendered":"<p>Yuridiana Sosa\/Zona Roja. Oaxaca de Ju\u00e1rez, Oax., a 2 de febrero de 2023.- Y el&hellip;<\/p>\n","protected":false},"author":2,"featured_media":51209,"comment_status":"closed","ping_status":"open","sticky":false,"template":"","format":"standard","meta":{"_lmt_disableupdate":"","_lmt_disable":"","_jetpack_memberships_contains_paid_content":false,"footnotes":""},"categories":[109,47],"tags":[],"class_list":["post-51204","post","type-post","status-publish","format-standard","has-post-thumbnail","hentry","category-minuto-a-minuto","category-zona-gris"],"jetpack_featured_media_url":"https:\/\/zonaroja.com.mx\/wp-content\/uploads\/2023\/02\/d222d971-91c0-46dd-9746-02d47ca6de47.jpg","jetpack_sharing_enabled":true,"_links":{"self":[{"href":"https:\/\/zonaroja.com.mx\/index.php?rest_route=\/wp\/v2\/posts\/51204","targetHints":{"allow":["GET"]}}],"collection":[{"href":"https:\/\/zonaroja.com.mx\/index.php?rest_route=\/wp\/v2\/posts"}],"about":[{"href":"https:\/\/zonaroja.com.mx\/index.php?rest_route=\/wp\/v2\/types\/post"}],"author":[{"embeddable":true,"href":"https:\/\/zonaroja.com.mx\/index.php?rest_route=\/wp\/v2\/users\/2"}],"replies":[{"embeddable":true,"href":"https:\/\/zonaroja.com.mx\/index.php?rest_route=%2Fwp%2Fv2%2Fcomments&post=51204"}],"version-history":[{"count":3,"href":"https:\/\/zonaroja.com.mx\/index.php?rest_route=\/wp\/v2\/posts\/51204\/revisions"}],"predecessor-version":[{"id":51211,"href":"https:\/\/zonaroja.com.mx\/index.php?rest_route=\/wp\/v2\/posts\/51204\/revisions\/51211"}],"wp:featuredmedia":[{"embeddable":true,"href":"https:\/\/zonaroja.com.mx\/index.php?rest_route=\/wp\/v2\/media\/51209"}],"wp:attachment":[{"href":"https:\/\/zonaroja.com.mx\/index.php?rest_route=%2Fwp%2Fv2%2Fmedia&parent=51204"}],"wp:term":[{"taxonomy":"category","embeddable":true,"href":"https:\/\/zonaroja.com.mx\/index.php?rest_route=%2Fwp%2Fv2%2Fcategories&post=51204"},{"taxonomy":"post_tag","embeddable":true,"href":"https:\/\/zonaroja.com.mx\/index.php?rest_route=%2Fwp%2Fv2%2Ftags&post=51204"}],"curies":[{"name":"wp","href":"https:\/\/api.w.org\/{rel}","templated":true}]}}