{"id":51206,"date":"2023-02-02T14:24:00","date_gmt":"2023-02-02T20:24:00","guid":{"rendered":"http:\/\/www.zonaroja.com.mx\/?p=51206"},"modified":"2023-02-02T18:54:35","modified_gmt":"2023-02-03T00:54:35","slug":"pend2-12","status":"publish","type":"post","link":"https:\/\/zonaroja.com.mx\/?p=51206","title":{"rendered":"Sigue violencia criminal; ahora ejecutan a persona de la comunidad gay"},"content":{"rendered":"\n<p>Ismael Garc\u00eda M.\/Zona Roja.<\/p>\n\n\n\n<p>Oaxaca de Ju\u00e1rez, Oax., a 2 de febrero de 2023.- La ola de violencia no cesa en Oaxaca y este martes fue ejecutada una persona de la comunidad LGTB+ mientras que ayer, al menos cuatro personas fueron lesionadas de bala, en distintos hechos.<\/p>\n\n\n\n<p>En el interior de un domicilio de la colonia Tom\u00e1s Aquino del municipio de Juchit\u00e1n de Zaragoza, sujetos armados ejecutaron la ma\u00f1ana de hoy a quien fue identificado como H\u00e9ctor L. J., alias \u201cLa Paris\u201d, integrante de la comunidad de la diversidad sexual.<\/p>\n\n\n\n<p>A pesar de que fue en horas de la ma\u00f1ana, no hab\u00eda polic\u00edas en la zona, por lo cual los agresores pudieron huir sin complicaciones.<\/p>\n\n\n\n<p>En un comunicado, la Fiscal\u00eda General del Estado de Oaxaca confirm\u00f3 el asesinato e inform\u00f3 que dio inici\u00f3 la Carpeta de Investigaci\u00f3n 3957\/FIST\/JUCHITAN\/2023 por el delito de homicidio.<\/p>\n\n\n\n<p>Al tratarse de una persona perteneciente a la comunidad de la diversidad sexual, el caso se abord\u00f3 bajo el Protocolo para la Atenci\u00f3n de las Personas de la Comunidad L\u00e9sbico, Gay, Transexual, Transg\u00e9nero, Transexual, Travesti e Intersexual.<\/p>\n\n\n\n<p>Tras recibir el reporte de la comisi\u00f3n del delito, la Fiscal\u00eda despleg\u00f3 su equipo multidisciplinario para iniciar con las indagatorias, entre el cual se encuentra la Unidad Especializada para la Atenci\u00f3n de Delitos Cometidos por Diversidad Sexual.<\/p>\n\n\n\n<p>ATAQUES ARMADOS<\/p>\n\n\n\n<p>Tambi\u00e9n en Juchit\u00e1n, ayer por la tarde se registr\u00f3 un ataque armado en la avenida \u00c1lvaro Obreg\u00f3n, en la Segunda Secci\u00f3n, donde dos personas, entre ellas una mujer, resultaron lesionadas de bala.<\/p>\n\n\n\n<p>Una se\u00f1ora de 60 a\u00f1os de edad recibi\u00f3 un balazo en una mano, mientras que un individuo identificado de manera preliminar como \u00d3scar \u201cN\u201d, de 19 a\u00f1os de edad, result\u00f3 lesionado en una mano.<\/p>\n\n\n\n<p>Fueron trasladados a un hospital en tanto que polic\u00edas cerraron al menos dos cuadras para recabar los indicios bal\u00edsticos; hasta el momento no hay personas detenidas.<\/p>\n\n\n\n<p>Tambi\u00e9n anoche pero en la carretera federal 190 Oaxaca-Etla, a la altura del crucero de Santiaguito, una femenina fue atacada con la cacha de una pistola por un sujeto que huy\u00f3 de inmediato; fue trasladada a una cl\u00ednica cercana.<\/p>\n\n\n\n<p>Mientras que, como se inform\u00f3, despu\u00e9s del mediod\u00eda de ayer fue baleado un individuo en la calle Las Rosas esquina Belisario Dom\u00ednguez, colonia Reforma de la capital, y se refugi\u00f3 en las oficinas de la Secretar\u00eda de Seguridad P\u00fablica.<\/p>\n\n\n\n<p>Convalece en un hospital bajo custodia de la Guardia Nacional y polic\u00edas; hasta este momento no hay personas detenidas por esos hechos criminales.<\/p>\n","protected":false},"excerpt":{"rendered":"<p>Ismael Garc\u00eda M.\/Zona Roja. Oaxaca de Ju\u00e1rez, Oax., a 2 de febrero de 2023.- La&hellip;<\/p>\n","protected":false},"author":2,"featured_media":51213,"comment_status":"closed","ping_status":"open","sticky":false,"template":"","format":"standard","meta":{"_lmt_disableupdate":"","_lmt_disable":"","_jetpack_memberships_contains_paid_content":false,"footnotes":""},"categories":[51],"tags":[123],"class_list":["post-51206","post","type-post","status-publish","format-standard","has-post-thumbnail","hentry","category-zona-roja","tag-juchitan-de-zaragoza"],"jetpack_featured_media_url":"https:\/\/zonaroja.com.mx\/wp-content\/uploads\/2023\/02\/Asesinado-en-Juchitan-LGTB.jpg","jetpack_sharing_enabled":true,"_links":{"self":[{"href":"https:\/\/zonaroja.com.mx\/index.php?rest_route=\/wp\/v2\/posts\/51206","targetHints":{"allow":["GET"]}}],"collection":[{"href":"https:\/\/zonaroja.com.mx\/index.php?rest_route=\/wp\/v2\/posts"}],"about":[{"href":"https:\/\/zonaroja.com.mx\/index.php?rest_route=\/wp\/v2\/types\/post"}],"author":[{"embeddable":true,"href":"https:\/\/zonaroja.com.mx\/index.php?rest_route=\/wp\/v2\/users\/2"}],"replies":[{"embeddable":true,"href":"https:\/\/zonaroja.com.mx\/index.php?rest_route=%2Fwp%2Fv2%2Fcomments&post=51206"}],"version-history":[{"count":2,"href":"https:\/\/zonaroja.com.mx\/index.php?rest_route=\/wp\/v2\/posts\/51206\/revisions"}],"predecessor-version":[{"id":51214,"href":"https:\/\/zonaroja.com.mx\/index.php?rest_route=\/wp\/v2\/posts\/51206\/revisions\/51214"}],"wp:featuredmedia":[{"embeddable":true,"href":"https:\/\/zonaroja.com.mx\/index.php?rest_route=\/wp\/v2\/media\/51213"}],"wp:attachment":[{"href":"https:\/\/zonaroja.com.mx\/index.php?rest_route=%2Fwp%2Fv2%2Fmedia&parent=51206"}],"wp:term":[{"taxonomy":"category","embeddable":true,"href":"https:\/\/zonaroja.com.mx\/index.php?rest_route=%2Fwp%2Fv2%2Fcategories&post=51206"},{"taxonomy":"post_tag","embeddable":true,"href":"https:\/\/zonaroja.com.mx\/index.php?rest_route=%2Fwp%2Fv2%2Ftags&post=51206"}],"curies":[{"name":"wp","href":"https:\/\/api.w.org\/{rel}","templated":true}]}}