{"id":5121,"date":"2019-10-25T09:47:29","date_gmt":"2019-10-25T14:47:29","guid":{"rendered":"http:\/\/www.zonaroja.com.mx\/?p=5121"},"modified":"2019-10-25T09:47:32","modified_gmt":"2019-10-25T14:47:32","slug":"demanda-juquila-retiro-del-bloqueo-que-encabezan-habitantes-de-yaitepec","status":"publish","type":"post","link":"https:\/\/zonaroja.com.mx\/?p=5121","title":{"rendered":"Demanda Juquila retiro del bloqueo que encabezan habitantes de Yaitepec"},"content":{"rendered":"\n<p>Redacci\u00f3n\/Zona Roja.<\/p>\n\n\n\n<p>Oaxaca de Ju\u00e1rez, Oax., 25 de octubre de\n2019.- Autoridades de Bienes Comunales de Santa Catarina Juquila solicitaron la\nintervenci\u00f3n de las autoridades estatales para liberar el paso hacia la\ncomunidad, el cual se ha visto impedido por el bloqueo carretero en el paraje\nconocido como \u201cR\u00edo Manteca\u201d, justo donde se encuentra la desviaci\u00f3n a Santiago\nYaitepec, con quien mantiene un conflicto agrario que se agudizo a principios\nde este a\u00f1o.<\/p>\n\n\n\n<p>En un comunicado, Ignacio Alberto\nSerrano Cruz, presidente del Comisariado, asegur\u00f3 que el bloqueo afecta\ngravemente la circulaci\u00f3n y en consecuencia la econom\u00eda no s\u00f3lo de Juquila,\nsino de todos los pueblos de la regi\u00f3n, por lo que es necesaria la apertura de\nla vialidad.<\/p>\n\n\n\n<p>Explic\u00f3 que el bloqueo carretero se debe a un conflicto interno en el municipio de Santiago Yaitepec debido al nombramiento de sus autoridades y nada tiene que ver al conflicto agrario reciente entre ambas localidades, por lo que pidi\u00f3 a los diferentes sectores econ\u00f3micos y sociales no caer en ning\u00fan tipo de provocaci\u00f3n.<\/p>\n\n\n\n<figure class=\"wp-block-image\"><img decoding=\"async\" width=\"712\" height=\"1024\" src=\"http:\/\/www.zonaroja.com.mx\/wp-content\/uploads\/2019\/10\/Bloqueo-Yaitepec-712x1024.jpg\" alt=\"\" class=\"wp-image-5122\" srcset=\"https:\/\/zonaroja.com.mx\/wp-content\/uploads\/2019\/10\/Bloqueo-Yaitepec-712x1024.jpg 712w, https:\/\/zonaroja.com.mx\/wp-content\/uploads\/2019\/10\/Bloqueo-Yaitepec-209x300.jpg 209w, https:\/\/zonaroja.com.mx\/wp-content\/uploads\/2019\/10\/Bloqueo-Yaitepec-768x1105.jpg 768w, https:\/\/zonaroja.com.mx\/wp-content\/uploads\/2019\/10\/Bloqueo-Yaitepec-585x841.jpg 585w, https:\/\/zonaroja.com.mx\/wp-content\/uploads\/2019\/10\/Bloqueo-Yaitepec.jpg 890w\" sizes=\"(max-width: 712px) 100vw, 712px\" \/><\/figure>\n\n\n\n<p>\u201cA los diferentes gremios:\ntransportistas, comerciantes, hoteleros y todos los sectores que se ven\nafectados por dicho bloqueo, les pedimos que no caigan en provocaciones de\nning\u00fan tipo, que juntos busquemos que se nos garantice nuestro derecho al libre\ntr\u00e1nsito a trav\u00e9s de las instancias correspondientes\u201d, refieren en un\ncomunicado.<\/p>\n\n\n\n<p>Serrano Cruz hizo un llamado a los\ndiferentes grupos pol\u00edticos de Santiago Yaitepec, para que puedan resolver sus\ndiferencias a trav\u00e9s del di\u00e1logo o los procesos legales que mejor les\nconvengan, ello sin afectar a terceras personas que nada tienen que ver con sus\ndiferencias internas.<\/p>\n\n\n\n<p>A la par que reiter\u00f3 el llamado a las\nautoridades de los diferentes niveles de gobierno para que con los mecanismos\nque tengan a su alcance, se garantice de manera definitiva el libre tr\u00e1nsito en\nla zona y se garantice la seguridad de los peregrinos y de la poblaci\u00f3n en\ngeneral.\n\nHace apenas unos d\u00edas, el p\u00e1rroco de la iglesia de Santa Catarina\nJuquila, Jacinto L\u00f3pez Monta\u00f1o, lament\u00f3 que a la fecha no se haya resuelto el\nconflicto con Santiago Yaitepec, lo que repercute en perjuicio no s\u00f3lo de la\npoblaci\u00f3n de ambos municipios, sino de miles de personas que a\u00f1o con a\u00f1o se dan\ncita al santuario \u201cEl Pedimento\u201d a trav\u00e9s de distintas peregrinaciones. \n\n\n\n<\/p>\n","protected":false},"excerpt":{"rendered":"<p>Redacci\u00f3n\/Zona Roja. Oaxaca de Ju\u00e1rez, Oax., 25 de octubre de 2019.- Autoridades de Bienes Comunales&hellip;<\/p>\n","protected":false},"author":2,"featured_media":5123,"comment_status":"closed","ping_status":"open","sticky":false,"template":"","format":"standard","meta":{"_lmt_disableupdate":"","_lmt_disable":"","_jetpack_memberships_contains_paid_content":false,"footnotes":""},"categories":[109,47],"tags":[546],"class_list":["post-5121","post","type-post","status-publish","format-standard","has-post-thumbnail","hentry","category-minuto-a-minuto","category-zona-gris","tag-santiago-yaitepec"],"jetpack_featured_media_url":"https:\/\/zonaroja.com.mx\/wp-content\/uploads\/2019\/10\/Bloqueo-Yaitepec.png","jetpack_sharing_enabled":true,"_links":{"self":[{"href":"https:\/\/zonaroja.com.mx\/index.php?rest_route=\/wp\/v2\/posts\/5121","targetHints":{"allow":["GET"]}}],"collection":[{"href":"https:\/\/zonaroja.com.mx\/index.php?rest_route=\/wp\/v2\/posts"}],"about":[{"href":"https:\/\/zonaroja.com.mx\/index.php?rest_route=\/wp\/v2\/types\/post"}],"author":[{"embeddable":true,"href":"https:\/\/zonaroja.com.mx\/index.php?rest_route=\/wp\/v2\/users\/2"}],"replies":[{"embeddable":true,"href":"https:\/\/zonaroja.com.mx\/index.php?rest_route=%2Fwp%2Fv2%2Fcomments&post=5121"}],"version-history":[{"count":1,"href":"https:\/\/zonaroja.com.mx\/index.php?rest_route=\/wp\/v2\/posts\/5121\/revisions"}],"predecessor-version":[{"id":5124,"href":"https:\/\/zonaroja.com.mx\/index.php?rest_route=\/wp\/v2\/posts\/5121\/revisions\/5124"}],"wp:featuredmedia":[{"embeddable":true,"href":"https:\/\/zonaroja.com.mx\/index.php?rest_route=\/wp\/v2\/media\/5123"}],"wp:attachment":[{"href":"https:\/\/zonaroja.com.mx\/index.php?rest_route=%2Fwp%2Fv2%2Fmedia&parent=5121"}],"wp:term":[{"taxonomy":"category","embeddable":true,"href":"https:\/\/zonaroja.com.mx\/index.php?rest_route=%2Fwp%2Fv2%2Fcategories&post=5121"},{"taxonomy":"post_tag","embeddable":true,"href":"https:\/\/zonaroja.com.mx\/index.php?rest_route=%2Fwp%2Fv2%2Ftags&post=5121"}],"curies":[{"name":"wp","href":"https:\/\/api.w.org\/{rel}","templated":true}]}}