{"id":51218,"date":"2023-02-02T20:35:22","date_gmt":"2023-02-03T02:35:22","guid":{"rendered":"http:\/\/www.zonaroja.com.mx\/?p=51218"},"modified":"2023-02-02T20:45:04","modified_gmt":"2023-02-03T02:45:04","slug":"sale-de-hospital-presunto-feminicida-que-quemo-y-mato-a-sus-hijas","status":"publish","type":"post","link":"https:\/\/zonaroja.com.mx\/?p=51218","title":{"rendered":"Sale de hospital presunto feminicida que quem\u00f3 y mat\u00f3 a sus hijas"},"content":{"rendered":"\n<p>Ismael Garc\u00eda M.\/Zona Roja.<\/p>\n\n\n\n<p>Oaxaca de Ju\u00e1rez, Oax., a 2 de febrero de 2023.- Luego de dos meses hospitalizado, este jueves fue dado de alta en la ciudad de M\u00e9xico Leonel A. M., quien incendi\u00f3 a su casa en Mat\u00edas Romero, en que se quem\u00f3 su familia, tras lo cual murieron sus dos hijas, menores de edad.<\/p>\n\n\n\n<p>El individuo de oficio payaso y conocido como \u201cEl Pistach\u00f3n\u201d convalec\u00eda junto con su esposa en un nosocomio de la capital del pa\u00eds, luego de los hechos del 2 de enero pasado, en que prendi\u00f3 fuego a su vivienda y donde adem\u00e1s resultaron con quemaduras graves su suegra, su esposa y \u00e9l mismo.<\/p>\n\n\n\n<p>Las menores, de tres y siete a\u00f1os de edad, fueron trasladadas de gravedad del municipio de Mat\u00edas Romero al Hospital de la Ni\u00f1ez, en los Valles Centrales de Oaxaca, donde posteriormente perdieron la vida.<\/p>\n\n\n\n<p>La suegra fue dada de alta d\u00edas despu\u00e9s, mientras que la esposa a\u00fan convalece; \u201cLeonel A. M. ser\u00e1 trasladado al estado de Oaxaca, donde ser\u00e1 presentado ante un juez, con la finalidad de iniciar el proceso judicial en su contra, por el delito de feminicidio e intento de feminicidio.<\/p>\n","protected":false},"excerpt":{"rendered":"<p>Ismael Garc\u00eda M.\/Zona Roja. Oaxaca de Ju\u00e1rez, Oax., a 2 de febrero de 2023.- Luego&hellip;<\/p>\n","protected":false},"author":2,"featured_media":51219,"comment_status":"closed","ping_status":"open","sticky":false,"template":"","format":"standard","meta":{"_lmt_disableupdate":"","_lmt_disable":"","_jetpack_memberships_contains_paid_content":false,"footnotes":""},"categories":[109,47],"tags":[3422],"class_list":["post-51218","post","type-post","status-publish","format-standard","has-post-thumbnail","hentry","category-minuto-a-minuto","category-zona-gris","tag-leonel-a-m-matias-romero"],"jetpack_featured_media_url":"https:\/\/zonaroja.com.mx\/wp-content\/uploads\/2023\/02\/Leonel-A.-M.-feminicida-Matias-Romero.jpg","jetpack_sharing_enabled":true,"_links":{"self":[{"href":"https:\/\/zonaroja.com.mx\/index.php?rest_route=\/wp\/v2\/posts\/51218","targetHints":{"allow":["GET"]}}],"collection":[{"href":"https:\/\/zonaroja.com.mx\/index.php?rest_route=\/wp\/v2\/posts"}],"about":[{"href":"https:\/\/zonaroja.com.mx\/index.php?rest_route=\/wp\/v2\/types\/post"}],"author":[{"embeddable":true,"href":"https:\/\/zonaroja.com.mx\/index.php?rest_route=\/wp\/v2\/users\/2"}],"replies":[{"embeddable":true,"href":"https:\/\/zonaroja.com.mx\/index.php?rest_route=%2Fwp%2Fv2%2Fcomments&post=51218"}],"version-history":[{"count":2,"href":"https:\/\/zonaroja.com.mx\/index.php?rest_route=\/wp\/v2\/posts\/51218\/revisions"}],"predecessor-version":[{"id":51222,"href":"https:\/\/zonaroja.com.mx\/index.php?rest_route=\/wp\/v2\/posts\/51218\/revisions\/51222"}],"wp:featuredmedia":[{"embeddable":true,"href":"https:\/\/zonaroja.com.mx\/index.php?rest_route=\/wp\/v2\/media\/51219"}],"wp:attachment":[{"href":"https:\/\/zonaroja.com.mx\/index.php?rest_route=%2Fwp%2Fv2%2Fmedia&parent=51218"}],"wp:term":[{"taxonomy":"category","embeddable":true,"href":"https:\/\/zonaroja.com.mx\/index.php?rest_route=%2Fwp%2Fv2%2Fcategories&post=51218"},{"taxonomy":"post_tag","embeddable":true,"href":"https:\/\/zonaroja.com.mx\/index.php?rest_route=%2Fwp%2Fv2%2Ftags&post=51218"}],"curies":[{"name":"wp","href":"https:\/\/api.w.org\/{rel}","templated":true}]}}