{"id":51223,"date":"2023-02-02T21:48:14","date_gmt":"2023-02-03T03:48:14","guid":{"rendered":"http:\/\/www.zonaroja.com.mx\/?p=51223"},"modified":"2023-02-02T21:48:17","modified_gmt":"2023-02-03T03:48:17","slug":"segundo-fracaso-del-gobierno-de-jara-en-retorno-de-desplazados-a-copala","status":"publish","type":"post","link":"https:\/\/zonaroja.com.mx\/?p=51223","title":{"rendered":"Segundo fracaso del gobierno de Jara en retorno de desplazados a Copala"},"content":{"rendered":"\n<p>Ismael Garc\u00eda M.\/Zona Roja. Foto: Archivo<\/p>\n\n\n\n<p>Oaxaca de Ju\u00e1rez, Oax., a 2 de febrero de 2023.- Por segunda ocasi\u00f3n, el gobierno de Oaxaca incumpli\u00f3 su compromiso de iniciar las acciones para el retorno seguro de las familias desplazadas de Tierra Blanca Copala, Santiago Juxtlahuaca.<\/p>\n\n\n\n<p>Ello lo denunci\u00f3 el Movimiento de Unificaci\u00f3n y Lucha Triqui Independiente (MULTI), que remarc\u00f3 que este 2 de febrero se har\u00eda una visita a la zona, junto con las corporaciones de seguridad estatal y federal, para conocer las condiciones y poder regresar a sus domicilios.<\/p>\n\n\n\n<p>\u201cPor segunda ocasi\u00f3n, la Secretar\u00eda de Gobierno pospone, hasta nuevo aviso, la visoria que realizar\u00eda la comisi\u00f3n interinstitucional a Tierra Blanca Copala, este 2 de febrero del 2023, a pesar de ser acuerdo, como parte de las acciones previas para el retorno de las 143 familias desplazadas.<\/p>\n\n\n\n<p>\u201cExigimos al gobernador Salom\u00f3n Jara Cruz, al subsecretario Alejandro Encinas; al secretario de Gobierno, Jes\u00fas Romero, que los acuerdos en las mesas de di\u00e1logo sean tomados con seriedad y se les d\u00e9 cumplimiento, por respeto al pueblo triqui desplazado y no se permita qu\u00e9 actores mezquinos sigan obstaculizando el retorno seguro\u201d, difundieron en un comunicado.<\/p>\n\n\n\n<p>Dirigieron la petici\u00f3n tambi\u00e9n a la Comisi\u00f3n Interamericana de Derechos Humanos, a la Oficina del Alto Comisionado de Naciones Unidas para los Derechos Humanos; al Presidente Andr\u00e9s Manuel L\u00f3pez Obrador y a la Comisi\u00f3n Nacional de los Derechos Humanos (CNDH).<\/p>\n\n\n\n<p>Hasta el momento el Gobierno del Estado no ha dado a conocer las explicaciones acerca del aplazamiento del inicio del retorno, pese a que ha sostenido varias reuniones previas, principalmente con dirigentes del MULTI como del MULT, adem\u00e1s del Ubisort.<\/p>\n\n\n\n<p>Tampoco ha cumplid con instalar una \u201cguardia de paz\u201d en la zona, como se comprometieron las autoridades estatales.<\/p>\n","protected":false},"excerpt":{"rendered":"<p>Ismael Garc\u00eda M.\/Zona Roja. Foto: Archivo Oaxaca de Ju\u00e1rez, Oax., a 2 de febrero de&hellip;<\/p>\n","protected":false},"author":2,"featured_media":40477,"comment_status":"closed","ping_status":"open","sticky":false,"template":"","format":"standard","meta":{"_lmt_disableupdate":"","_lmt_disable":"","_jetpack_memberships_contains_paid_content":false,"footnotes":""},"categories":[109,47],"tags":[1712],"class_list":["post-51223","post","type-post","status-publish","format-standard","has-post-thumbnail","hentry","category-minuto-a-minuto","category-zona-gris","tag-tierra-blanca-copala"],"jetpack_featured_media_url":"https:\/\/zonaroja.com.mx\/wp-content\/uploads\/2022\/04\/Bloqueos-desplazados-Tierra-Blanca.jpg","jetpack_sharing_enabled":true,"_links":{"self":[{"href":"https:\/\/zonaroja.com.mx\/index.php?rest_route=\/wp\/v2\/posts\/51223","targetHints":{"allow":["GET"]}}],"collection":[{"href":"https:\/\/zonaroja.com.mx\/index.php?rest_route=\/wp\/v2\/posts"}],"about":[{"href":"https:\/\/zonaroja.com.mx\/index.php?rest_route=\/wp\/v2\/types\/post"}],"author":[{"embeddable":true,"href":"https:\/\/zonaroja.com.mx\/index.php?rest_route=\/wp\/v2\/users\/2"}],"replies":[{"embeddable":true,"href":"https:\/\/zonaroja.com.mx\/index.php?rest_route=%2Fwp%2Fv2%2Fcomments&post=51223"}],"version-history":[{"count":1,"href":"https:\/\/zonaroja.com.mx\/index.php?rest_route=\/wp\/v2\/posts\/51223\/revisions"}],"predecessor-version":[{"id":51224,"href":"https:\/\/zonaroja.com.mx\/index.php?rest_route=\/wp\/v2\/posts\/51223\/revisions\/51224"}],"wp:featuredmedia":[{"embeddable":true,"href":"https:\/\/zonaroja.com.mx\/index.php?rest_route=\/wp\/v2\/media\/40477"}],"wp:attachment":[{"href":"https:\/\/zonaroja.com.mx\/index.php?rest_route=%2Fwp%2Fv2%2Fmedia&parent=51223"}],"wp:term":[{"taxonomy":"category","embeddable":true,"href":"https:\/\/zonaroja.com.mx\/index.php?rest_route=%2Fwp%2Fv2%2Fcategories&post=51223"},{"taxonomy":"post_tag","embeddable":true,"href":"https:\/\/zonaroja.com.mx\/index.php?rest_route=%2Fwp%2Fv2%2Ftags&post=51223"}],"curies":[{"name":"wp","href":"https:\/\/api.w.org\/{rel}","templated":true}]}}