{"id":51225,"date":"2023-02-03T10:30:00","date_gmt":"2023-02-03T16:30:00","guid":{"rendered":"http:\/\/www.zonaroja.com.mx\/?p=51225"},"modified":"2023-02-03T06:42:31","modified_gmt":"2023-02-03T12:42:31","slug":"desaprobacion-a-amlo-llega-a-maximo-nivel-del-sexenio-en-enero","status":"publish","type":"post","link":"https:\/\/zonaroja.com.mx\/?p=51225","title":{"rendered":"Desaprobaci\u00f3n a AMLO llega a m\u00e1ximo nivel del sexenio en enero"},"content":{"rendered":"\n<p>Redacci\u00f3n\/Zona Roja Cdmx.<\/p>\n\n\n\n<p>Ciudad de M\u00e9xico, a 3 de febrero de 2023.- \u201cAmor con amor se paga\u201d suele decir el presidente Andr\u00e9s Manuel L\u00f3pez Obrador en sus eventos p\u00fablicos al referirse al apoyo del pueblo de M\u00e9xico hacia su Gobierno&#8230; pero este \u2018espaldarazo\u2019 disminuye cada vez m\u00e1s.<\/p>\n\n\n\n<p>En la \u00faltima encuesta de \u201cEl Financiero\u201d, la desaprobaci\u00f3n al presidente Andr\u00e9s Manuel L\u00f3pez Obrador alcanz\u00f3 45 por ciento, el nivel m\u00e1s alto en lo que va de su sexenio.<\/p>\n\n\n\n<p>El r\u00e9cord anterior de \u2018taches\u2019 para el titular del Ejecutivo se hab\u00eda visto el a\u00f1o anterior, cuando la desaprobaci\u00f3n a su trabajo al frente del Gobierno toc\u00f3 43 por ciento en agosto y octubre.<\/p>\n\n\n\n<p>La opini\u00f3n de las y los mexicanos sobre algunos atributos de L\u00f3pez Obrador registraron un cambio para mal entre diciembre y enero. Por ejemplo, en el tema de la honestidad, la opini\u00f3n favorable al mandatario pas\u00f3 de 57 a 52 por ciento; la de liderazgo, de 52 a 48 por ciento, y la de capacidad de resultados, baj\u00f3 de 45 a 39 por ciento.<\/p>\n\n\n\n<p>\u201cEn enero del a\u00f1o pasado la imagen presidencial en estos tres rubros tambi\u00e9n baj\u00f3, en ese momento entre dos y ocho puntos porcentuales\u201d, destac\u00f3 Alejandro Moreno, director de Encuestas y Estudios de Opini\u00f3n de \u201cEl Financiero\u201d.<\/p>\n\n\n\n<p>La econom\u00eda de M\u00e9xico tampoco se \u2018salv\u00f3\u2019 de malos resultados en la Encuesta EF: el porcentaje que considera que est\u00e1 mal o muy mal subi\u00f3 de 46 a 52 por ciento.<\/p>\n\n\n\n<p>Fue apenas esta semana que el Instituto Nacional de Estad\u00edstica y Geograf\u00eda (Inegi) public\u00f3 la estimaci\u00f3n oportuna del PIB de 2022, que fue de 3 por ciento. En lo que va del sexenio, la econom\u00eda solo ha crecido a tasa anual en dos a\u00f1os y uno de ellos (2021) fue por el efecto \u2018rebote\u2019 tras la crisis provocada por la pandemia de Covid-19.<\/p>\n\n\n\n<p>La \u2018mala noticia\u2019 sobre el nuevo dato de la econom\u00eda es que est\u00e1 mostrando se\u00f1ales de \u2018fatiga\u2019: el ritmo de crecimiento se debilit\u00f3 y en el cuarto trimestre fue de apenas 0.4 por ciento, con respecto al trimestre previo, su menor avance desde el tercer trimestre de 2021.<\/p>\n\n\n\n<p>En lo que se refiere a la seguridad p\u00fablica, la opini\u00f3n de las y los mexicanos es que va para peor: la opini\u00f3n negativa pas\u00f3 de 52 a 57 por ciento.&nbsp;<\/p>\n\n\n\n<p>Entre los ataques del crimen organizado registrados en enero estuvieron los narcobloqueos y ataques desatados por la detenci\u00f3n de \u2018El Mu\u00f1eco\u2019, cu\u00f1ado de Jos\u00e9 Antonio Yepez Ortiz, \u2018El Marro\u2019; la ejecuci\u00f3n de 7 personas en una cantina en J\u00e9rez, Zacatecas, y el ataque al Centro de Reinserci\u00f3n Social #3 de Ciudad Ju\u00e1rez en el que murieron 17 personas.<\/p>\n\n\n\n<p>(Informaci\u00f3n de \u201cEl Financiero\u201d)<\/p>\n","protected":false},"excerpt":{"rendered":"<p>Redacci\u00f3n\/Zona Roja Cdmx. Ciudad de M\u00e9xico, a 3 de febrero de 2023.- \u201cAmor con amor&hellip;<\/p>\n","protected":false},"author":2,"featured_media":18420,"comment_status":"closed","ping_status":"open","sticky":false,"template":"","format":"standard","meta":{"_lmt_disableupdate":"","_lmt_disable":"","_jetpack_memberships_contains_paid_content":false,"footnotes":""},"categories":[109,47],"tags":[143],"class_list":["post-51225","post","type-post","status-publish","format-standard","has-post-thumbnail","hentry","category-minuto-a-minuto","category-zona-gris","tag-andres-manuel-lopez-obrador"],"jetpack_featured_media_url":"https:\/\/zonaroja.com.mx\/wp-content\/uploads\/2020\/10\/Lopez-Obrador-autoritario.jpg","jetpack_sharing_enabled":true,"_links":{"self":[{"href":"https:\/\/zonaroja.com.mx\/index.php?rest_route=\/wp\/v2\/posts\/51225","targetHints":{"allow":["GET"]}}],"collection":[{"href":"https:\/\/zonaroja.com.mx\/index.php?rest_route=\/wp\/v2\/posts"}],"about":[{"href":"https:\/\/zonaroja.com.mx\/index.php?rest_route=\/wp\/v2\/types\/post"}],"author":[{"embeddable":true,"href":"https:\/\/zonaroja.com.mx\/index.php?rest_route=\/wp\/v2\/users\/2"}],"replies":[{"embeddable":true,"href":"https:\/\/zonaroja.com.mx\/index.php?rest_route=%2Fwp%2Fv2%2Fcomments&post=51225"}],"version-history":[{"count":1,"href":"https:\/\/zonaroja.com.mx\/index.php?rest_route=\/wp\/v2\/posts\/51225\/revisions"}],"predecessor-version":[{"id":51226,"href":"https:\/\/zonaroja.com.mx\/index.php?rest_route=\/wp\/v2\/posts\/51225\/revisions\/51226"}],"wp:featuredmedia":[{"embeddable":true,"href":"https:\/\/zonaroja.com.mx\/index.php?rest_route=\/wp\/v2\/media\/18420"}],"wp:attachment":[{"href":"https:\/\/zonaroja.com.mx\/index.php?rest_route=%2Fwp%2Fv2%2Fmedia&parent=51225"}],"wp:term":[{"taxonomy":"category","embeddable":true,"href":"https:\/\/zonaroja.com.mx\/index.php?rest_route=%2Fwp%2Fv2%2Fcategories&post=51225"},{"taxonomy":"post_tag","embeddable":true,"href":"https:\/\/zonaroja.com.mx\/index.php?rest_route=%2Fwp%2Fv2%2Ftags&post=51225"}],"curies":[{"name":"wp","href":"https:\/\/api.w.org\/{rel}","templated":true}]}}