{"id":51234,"date":"2023-02-03T07:33:46","date_gmt":"2023-02-03T13:33:46","guid":{"rendered":"http:\/\/www.zonaroja.com.mx\/?p=51234"},"modified":"2023-02-03T07:33:51","modified_gmt":"2023-02-03T13:33:51","slug":"exigen-que-no-se-libere-a-hermanos-villaseca-por-intento-de-homicidio","status":"publish","type":"post","link":"https:\/\/zonaroja.com.mx\/?p=51234","title":{"rendered":"Exigen que no se libere a hermanos Villaseca, por intento de homicidio"},"content":{"rendered":"\n<p>Redacci\u00f3n\/Zona Roja.<\/p>\n\n\n\n<p>Oaxaca de Ju\u00e1rez, Oax., a 3 de febrero de 2023.- Familiares de la v\u00edctima y familias provenientes de la zona Mixe de Oaxaca demandaron a las autoridades que no sean liberados los hermanos Juan e Iv\u00e1n Villaseca, acusados de intento de homicidio.<\/p>\n\n\n\n<p>Se trata de defensores de Mat\u00edas Plutarco Mart\u00ednez, a quien los hermanos Villaseca, dirigentes de la organizaci\u00f3n de transportistas Confederaci\u00f3n Joven, intentaron matar.<\/p>\n\n\n\n<p>Seg\u00fan denunciaron la tarde de ayer en la Alameda de Le\u00f3n, dichas personas tambi\u00e9n cuentan con diversas \u00f3rdenes de aprehensi\u00f3n pendientes de aplicar desde a\u00f1os atr\u00e1s, al tiempo de denunciar la impunidad que gozaron en el sexenio anterior.<\/p>\n\n\n\n<p>Demandaron al Presidente Andr\u00e9s Manuel L\u00f3pez Obrador y al gobernador Salom\u00f3n Jara Cruz que se revise el historial de los hermanos Villaseca pues aseguraron que representan un grave peligro para la poblaci\u00f3n oaxaque\u00f1a.<\/p>\n\n\n\n<p>Asimismo, en distintas ocasiones han actuado de manera violenta como agrupaci\u00f3n de transportistas, conocida tambi\u00e9n como CATEM Joven, y han agredido no s\u00f3lo a la sociedad, sino incluso a periodistas.<\/p>\n\n\n\n<p>Advirtieron que de ser puestos en libertad por las autoridades de procuraci\u00f3n y administraci\u00f3n de justicia, retomar\u00edan de manera plena sus acciones de violencia y abusos.<\/p>\n\n\n\n<figure class=\"wp-block-embed is-type-rich is-provider-twitter wp-block-embed-twitter\"><div class=\"wp-block-embed__wrapper\">\n<div class=\"twitter-tweet\"><blockquote class=\"twitter-tweet\" data-lang=\"es\"><p lang=\"es\" dir=\"ltr\"><a href=\"https:\/\/twitter.com\/hashtag\/ENVIVO?src=hash&amp;ref_src=twsrc%5Etfw\">#ENVIVO<\/a> <br>Oaxaca de Ju\u00e1rez, Oax.; 2 de febrero de 2023.- Conferencia de prensa de un grupo de personas en la Alameda de Le\u00f3n, que exige que no liberen a Juan e Iv\u00e1n Villaseca, ante el temor que sean absueltos por diverso delitos.<br>\ud83d\udc47<a href=\"https:\/\/t.co\/21xYT9RPrg\">https:\/\/t.co\/21xYT9RPrg<\/a> <a href=\"https:\/\/t.co\/lhyZGPO4jc\">pic.twitter.com\/lhyZGPO4jc<\/a><\/p>&mdash; Zona Roja Oaxaca (@ZonaRoja_Oaxaca) <a href=\"https:\/\/twitter.com\/ZonaRoja_Oaxaca\/status\/1621267117176922114?ref_src=twsrc%5Etfw\">2 de febrero de 2023<\/a><\/blockquote><\/div>\n<\/div><\/figure>\n","protected":false},"excerpt":{"rendered":"<p>Redacci\u00f3n\/Zona Roja. Oaxaca de Ju\u00e1rez, Oax., a 3 de febrero de 2023.- Familiares de la&hellip;<\/p>\n","protected":false},"author":2,"featured_media":51231,"comment_status":"closed","ping_status":"open","sticky":false,"template":"","format":"standard","meta":{"_lmt_disableupdate":"","_lmt_disable":"","_jetpack_memberships_contains_paid_content":false,"footnotes":""},"categories":[109,47],"tags":[3244],"class_list":["post-51234","post","type-post","status-publish","format-standard","has-post-thumbnail","hentry","category-minuto-a-minuto","category-zona-gris","tag-confederacion-joven-transportistas"],"jetpack_featured_media_url":"https:\/\/zonaroja.com.mx\/wp-content\/uploads\/2023\/02\/Protesta-contra-hermanos-Villaseca.jpg","jetpack_sharing_enabled":true,"_links":{"self":[{"href":"https:\/\/zonaroja.com.mx\/index.php?rest_route=\/wp\/v2\/posts\/51234","targetHints":{"allow":["GET"]}}],"collection":[{"href":"https:\/\/zonaroja.com.mx\/index.php?rest_route=\/wp\/v2\/posts"}],"about":[{"href":"https:\/\/zonaroja.com.mx\/index.php?rest_route=\/wp\/v2\/types\/post"}],"author":[{"embeddable":true,"href":"https:\/\/zonaroja.com.mx\/index.php?rest_route=\/wp\/v2\/users\/2"}],"replies":[{"embeddable":true,"href":"https:\/\/zonaroja.com.mx\/index.php?rest_route=%2Fwp%2Fv2%2Fcomments&post=51234"}],"version-history":[{"count":1,"href":"https:\/\/zonaroja.com.mx\/index.php?rest_route=\/wp\/v2\/posts\/51234\/revisions"}],"predecessor-version":[{"id":51235,"href":"https:\/\/zonaroja.com.mx\/index.php?rest_route=\/wp\/v2\/posts\/51234\/revisions\/51235"}],"wp:featuredmedia":[{"embeddable":true,"href":"https:\/\/zonaroja.com.mx\/index.php?rest_route=\/wp\/v2\/media\/51231"}],"wp:attachment":[{"href":"https:\/\/zonaroja.com.mx\/index.php?rest_route=%2Fwp%2Fv2%2Fmedia&parent=51234"}],"wp:term":[{"taxonomy":"category","embeddable":true,"href":"https:\/\/zonaroja.com.mx\/index.php?rest_route=%2Fwp%2Fv2%2Fcategories&post=51234"},{"taxonomy":"post_tag","embeddable":true,"href":"https:\/\/zonaroja.com.mx\/index.php?rest_route=%2Fwp%2Fv2%2Ftags&post=51234"}],"curies":[{"name":"wp","href":"https:\/\/api.w.org\/{rel}","templated":true}]}}