{"id":51236,"date":"2023-02-03T08:10:54","date_gmt":"2023-02-03T14:10:54","guid":{"rendered":"http:\/\/www.zonaroja.com.mx\/?p=51236"},"modified":"2023-02-03T08:11:00","modified_gmt":"2023-02-03T14:11:00","slug":"edil-de-oaxaca-dice-que-usar-fuerza-publica-contra-triquis-fue-razonable","status":"publish","type":"post","link":"https:\/\/zonaroja.com.mx\/?p=51236","title":{"rendered":"Edil de Oaxaca dice que usar fuerza p\u00fablica contra triquis fue \u201crazonable\u201d"},"content":{"rendered":"\n<p>Ismael Garc\u00eda M.\/Zona Roja.<\/p>\n\n\n\n<p>Oaxaca de Ju\u00e1rez, Oax., a 3 de febrero de 2023.- Como \u201crazonable\u201d, para evitar invasi\u00f3n de espacios p\u00fablicos, calific\u00f3 el presidente municipal de Oaxaca de Ju\u00e1rez, Francisco Mart\u00ednez Neri, el uso de un centenar de polic\u00edas ayer, contra un reducido grupo de mujeres triquis que pretend\u00edan ingresar al z\u00f3calo.<\/p>\n\n\n\n<p>\u201cHay valores que tenemos que preservar y el uso de la fuerza p\u00fablica tiene que ser en funci\u00f3n de que no lesione a ninguna persona pero que s\u00ed sea lo suficientemente amplio para evitar que al rato al rev\u00e9s, por qu\u00e9 dos polic\u00edas no impidieron que un grupo de 30 o 40 personas hicieran tal cosa.<\/p>\n\n\n\n<p>\u201cMe parece que es un asunto razonable y que tambi\u00e9n inhibe acciones que pudieran afectar\u201d, dijo el edil morenista.<\/p>\n\n\n\n<p>-Pero es contrastante el hecho de que presenten una fuerza como de 100 elementos para un grupo reducido de 20 personas, cuando es evidente que se carece de polic\u00edas.<\/p>\n\n\n\n<p>-Hay luego algunas situaciones de inquietud en el sentido de que a trav\u00e9s de marchas o cosas de estas puedan recobrarse algunos espacios que ya han sido salvados par la ciudad, entonces tenemos que cuidar ese aspecto.<\/p>\n\n\n\n<p>\u201cYo creo que no est\u00e1 por dem\u00e1s tomar las previsiones necesarias, si no lo hacemos as\u00ed al rato la sociedad nos va a decir \u2018oiga y d\u00f3nde est\u00e1 paz\u201d, remarc\u00f3.<\/p>\n\n\n\n<p>Insisti\u00f3 en defender la acci\u00f3n policiaca y neg\u00f3 que el uso de los uniformados afecte a la vigilancia que se requiere en la capital.<\/p>\n\n\n\n<p>Rechaz\u00f3 se est\u00e9 usando la fuerza p\u00fablica de manera violenta sino \u00fanicamente para resguardad; \u201chacer uso de la fuerza p\u00fablica es reprimir a las personas, es humillar a las personas y claro la fuerza p\u00fablica tiene tambi\u00e9n su raz\u00f3n de ser cuando esta se requiere, es el uso legal\u201d.<\/p>\n\n\n\n<p>Mart\u00ednez Neri indic\u00f3 que no ceder\u00e1 a chantajes de organizaciones que \u201ctoman\u201d calles, aunque obvi\u00f3 el \u201cplant\u00f3n\u201d de normalistas y la \u201ctoma\u201d de camiones sucedida a inicios de esta semana.<\/p>\n\n\n\n<p>Con respecto a los hechos violentos el pasado mi\u00e9rcoles en que una persona fue baleada en la colonia Reforma, sostuvo que \u201cen esta sociedad por desgracia, tenemos informes, hay actores que tienen problemas y eso repercute en el perjuicio de much\u00edsima gente que no tiene ning\u00fan problema\u201d, aunque se reserv\u00f3 m\u00e1s detalles.<\/p>\n\n\n\n<p>-Es su segundo a\u00f1o y la seguridad es un tema que ha quedado a deber Francisco Mart\u00ednez Neri.<\/p>\n\n\n\n<p>-Yo creo que hemos mejorado mucho, son visiones, desde luego, y vamos a mejorar m\u00e1s.<\/p>\n\n\n\n<figure class=\"wp-block-embed is-type-rich is-provider-twitter wp-block-embed-twitter\"><div class=\"wp-block-embed__wrapper\">\n<div class=\"twitter-tweet\"><blockquote class=\"twitter-tweet\" data-lang=\"es\"><p lang=\"es\" dir=\"ltr\">2. El uso de la fuerza p\u00fablica en Oaxaca de Ju\u00e1rez para frenar una marcha de un reducido grupo de ind\u00edgenas triquis, \u201ces un asunto razonable y tambi\u00e9n inhibe acciones que pudieran realizar\u201d, justific\u00f3 el edil <a href=\"https:\/\/twitter.com\/FMartinezNeri?ref_src=twsrc%5Etfw\">@FMartinezNeri<\/a>; asegura que son previsiones para evitar \u201cplantones\u201d. <a href=\"https:\/\/t.co\/dI2WhP68Hu\">pic.twitter.com\/dI2WhP68Hu<\/a><\/p>&mdash; Zona Roja Oaxaca (@ZonaRoja_Oaxaca) <a href=\"https:\/\/twitter.com\/ZonaRoja_Oaxaca\/status\/1621330646001139712?ref_src=twsrc%5Etfw\">3 de febrero de 2023<\/a><\/blockquote><\/div>\n<\/div><\/figure>\n","protected":false},"excerpt":{"rendered":"<p>Ismael Garc\u00eda M.\/Zona Roja. Oaxaca de Ju\u00e1rez, Oax., a 3 de febrero de 2023.- Como&hellip;<\/p>\n","protected":false},"author":2,"featured_media":51237,"comment_status":"closed","ping_status":"open","sticky":false,"template":"","format":"standard","meta":{"_lmt_disableupdate":"","_lmt_disable":"","_jetpack_memberships_contains_paid_content":false,"footnotes":""},"categories":[109,47],"tags":[2418],"class_list":["post-51236","post","type-post","status-publish","format-standard","has-post-thumbnail","hentry","category-minuto-a-minuto","category-zona-gris","tag-francisco-martinez-neri"],"jetpack_featured_media_url":"https:\/\/zonaroja.com.mx\/wp-content\/uploads\/2023\/02\/Francisco-Martinez-Neri-entrevista.jpg","jetpack_sharing_enabled":true,"_links":{"self":[{"href":"https:\/\/zonaroja.com.mx\/index.php?rest_route=\/wp\/v2\/posts\/51236","targetHints":{"allow":["GET"]}}],"collection":[{"href":"https:\/\/zonaroja.com.mx\/index.php?rest_route=\/wp\/v2\/posts"}],"about":[{"href":"https:\/\/zonaroja.com.mx\/index.php?rest_route=\/wp\/v2\/types\/post"}],"author":[{"embeddable":true,"href":"https:\/\/zonaroja.com.mx\/index.php?rest_route=\/wp\/v2\/users\/2"}],"replies":[{"embeddable":true,"href":"https:\/\/zonaroja.com.mx\/index.php?rest_route=%2Fwp%2Fv2%2Fcomments&post=51236"}],"version-history":[{"count":1,"href":"https:\/\/zonaroja.com.mx\/index.php?rest_route=\/wp\/v2\/posts\/51236\/revisions"}],"predecessor-version":[{"id":51238,"href":"https:\/\/zonaroja.com.mx\/index.php?rest_route=\/wp\/v2\/posts\/51236\/revisions\/51238"}],"wp:featuredmedia":[{"embeddable":true,"href":"https:\/\/zonaroja.com.mx\/index.php?rest_route=\/wp\/v2\/media\/51237"}],"wp:attachment":[{"href":"https:\/\/zonaroja.com.mx\/index.php?rest_route=%2Fwp%2Fv2%2Fmedia&parent=51236"}],"wp:term":[{"taxonomy":"category","embeddable":true,"href":"https:\/\/zonaroja.com.mx\/index.php?rest_route=%2Fwp%2Fv2%2Fcategories&post=51236"},{"taxonomy":"post_tag","embeddable":true,"href":"https:\/\/zonaroja.com.mx\/index.php?rest_route=%2Fwp%2Fv2%2Ftags&post=51236"}],"curies":[{"name":"wp","href":"https:\/\/api.w.org\/{rel}","templated":true}]}}