{"id":51243,"date":"2023-02-03T13:26:00","date_gmt":"2023-02-03T19:26:00","guid":{"rendered":"http:\/\/www.zonaroja.com.mx\/?p=51243"},"modified":"2023-02-03T17:15:28","modified_gmt":"2023-02-03T23:15:28","slug":"pend2-13","status":"publish","type":"post","link":"https:\/\/zonaroja.com.mx\/?p=51243","title":{"rendered":"Solo con protesta, familias de desaparecidos logran mesa de atenci\u00f3n de gobierno"},"content":{"rendered":"\n<p>Yuridiana Sosa\/Zona Roja.<\/p>\n\n\n\n<p>Oaxaca de Ju\u00e1rez, Oax., a 3 de febrero de 2023.- A trav\u00e9s de la protesta, las familias de personas desaparecidas en Oaxaca consiguieron que el Gobierno del Estado los recibiera en mesa de di\u00e1logo, comprometi\u00e9ndose la autoridad a resolver sus demandas en dos semanas.<\/p>\n\n\n\n<p>El movimiento \u201cBusco al m\u00edo, buscando a todos\u201d, tuvo un encuentro con los titulares de la Fiscal\u00eda General de Oaxaca, Bernardo Rodr\u00edguez Alamilla, y de la Secretar\u00eda de Gobierno, Jes\u00fas Romero, de manera separada, quienes por ahora mostraron disponibilidad para atender las peticiones, esto luego que la semana pasada realizaron manifestaciones para ser recibidos.<\/p>\n\n\n\n<p>El representante del grupo, Said Garc\u00eda, se\u00f1al\u00f3 que en las reuniones de ayer y hoy demandaron a las autoridades la urgente necesidad de crear una Fiscal\u00eda Especializada en B\u00fasqueda, una Comisi\u00f3n de Atenci\u00f3n a V\u00edctimas y un Consejo Estatal Ciudadano en la materia, que permitan el pleno desempe\u00f1o de las acciones institucionales para el avance de las investigaciones para dar con el paradero de las personas no localizadas.<\/p>\n\n\n\n<p>Por su parte, el fiscal de Oaxaca se comprometi\u00f3 a dar avance a los rezagos pendientes, mientras que Jes\u00fas Romero L\u00f3pez se comprometi\u00f3 a que en dos semanas se desarrollar\u00e1 una reuni\u00f3n interdisciplinaria con instituciones para presentar un proyecto del plan de trabajo para la atenci\u00f3n de los casos de desaparecidos.<\/p>\n\n\n\n<p>Los integrantes de la asociaci\u00f3n civil dieron su voto de confianza a las nuevas autoridades para que den soluci\u00f3n a sus peticiones, lo cual permitir\u00e1 que en pr\u00f3ximos casos las denuncias ante alg\u00fan caso se den dentro de un mismo espacio y evitar procesos burocr\u00e1ticos, por lo que estar\u00e1n en exigencia hasta que sea una realidad.<\/p>\n\n\n\n<p> \u201cBuscando al m\u00edo, buscando a todos\u201d re\u00fane el pesar de 26 familias en Oaxaca, quienes a su vez realizan movimientos conjuntos con otros grupos a nivel nacional y alcanzar mayores alcances en sus b\u00fasquedas. <\/p>\n","protected":false},"excerpt":{"rendered":"<p>Yuridiana Sosa\/Zona Roja. Oaxaca de Ju\u00e1rez, Oax., a 3 de febrero de 2023.- A trav\u00e9s&hellip;<\/p>\n","protected":false},"author":2,"featured_media":51249,"comment_status":"closed","ping_status":"open","sticky":false,"template":"","format":"standard","meta":{"_lmt_disableupdate":"","_lmt_disable":"","_jetpack_memberships_contains_paid_content":false,"footnotes":""},"categories":[109,47],"tags":[],"class_list":["post-51243","post","type-post","status-publish","format-standard","has-post-thumbnail","hentry","category-minuto-a-minuto","category-zona-gris"],"jetpack_featured_media_url":"https:\/\/zonaroja.com.mx\/wp-content\/uploads\/2023\/02\/d2f6bbaf-6964-4ad7-85bb-d9406bee485e-1.jpg","jetpack_sharing_enabled":true,"_links":{"self":[{"href":"https:\/\/zonaroja.com.mx\/index.php?rest_route=\/wp\/v2\/posts\/51243","targetHints":{"allow":["GET"]}}],"collection":[{"href":"https:\/\/zonaroja.com.mx\/index.php?rest_route=\/wp\/v2\/posts"}],"about":[{"href":"https:\/\/zonaroja.com.mx\/index.php?rest_route=\/wp\/v2\/types\/post"}],"author":[{"embeddable":true,"href":"https:\/\/zonaroja.com.mx\/index.php?rest_route=\/wp\/v2\/users\/2"}],"replies":[{"embeddable":true,"href":"https:\/\/zonaroja.com.mx\/index.php?rest_route=%2Fwp%2Fv2%2Fcomments&post=51243"}],"version-history":[{"count":2,"href":"https:\/\/zonaroja.com.mx\/index.php?rest_route=\/wp\/v2\/posts\/51243\/revisions"}],"predecessor-version":[{"id":51250,"href":"https:\/\/zonaroja.com.mx\/index.php?rest_route=\/wp\/v2\/posts\/51243\/revisions\/51250"}],"wp:featuredmedia":[{"embeddable":true,"href":"https:\/\/zonaroja.com.mx\/index.php?rest_route=\/wp\/v2\/media\/51249"}],"wp:attachment":[{"href":"https:\/\/zonaroja.com.mx\/index.php?rest_route=%2Fwp%2Fv2%2Fmedia&parent=51243"}],"wp:term":[{"taxonomy":"category","embeddable":true,"href":"https:\/\/zonaroja.com.mx\/index.php?rest_route=%2Fwp%2Fv2%2Fcategories&post=51243"},{"taxonomy":"post_tag","embeddable":true,"href":"https:\/\/zonaroja.com.mx\/index.php?rest_route=%2Fwp%2Fv2%2Ftags&post=51243"}],"curies":[{"name":"wp","href":"https:\/\/api.w.org\/{rel}","templated":true}]}}