{"id":5125,"date":"2019-10-25T15:35:08","date_gmt":"2019-10-25T20:35:08","guid":{"rendered":"http:\/\/www.zonaroja.com.mx\/?p=5125"},"modified":"2019-10-25T15:35:13","modified_gmt":"2019-10-25T20:35:13","slug":"estalla-la-violencia-el-tlacolula-tras-recuperacion-de-escuela-dos-heridos","status":"publish","type":"post","link":"https:\/\/zonaroja.com.mx\/?p=5125","title":{"rendered":"Estalla la violencia el Tlacolula tras recuperaci\u00f3n de escuela; dos heridos"},"content":{"rendered":"\n<p>Ismael Garc\u00eda\/Zona Roja.<\/p>\n\n\n\n<p>Oaxaca de Ju\u00e1rez, Oax., 25 de octubre de\n2019.- Tras la recuperaci\u00f3n de la escuela primaria \u201cPresidente L\u00f3pez Mateos\u201d de\nTlacolula de Matamoros por parte de un grupo de padres de familia, se desat\u00f3\nuna trifulca que dej\u00f3 como saldo preliminar dos personas lesionadas.<\/p>\n\n\n\n<p>Desde temprana hora arrib\u00f3 un contingente de al menos 50 elementos de la Polic\u00eda Estatal en el exterior del inmueble, ubicado en la calle 2 de Abril, a una cuadra del palacio municipal, a fin de evitar confrontaciones.<\/p>\n\n\n\n<figure class=\"wp-block-embed-twitter wp-block-embed is-type-rich is-provider-twitter\"><div class=\"wp-block-embed__wrapper\">\n<div class=\"twitter-tweet\"><blockquote class=\"twitter-tweet\" data-lang=\"es\"><p lang=\"es\" dir=\"ltr\"><a href=\"https:\/\/twitter.com\/hashtag\/OaxacaRojo?src=hash&amp;ref_src=twsrc%5Etfw\">#OaxacaRojo<\/a><br>Se enfrentan polic\u00edas estatales y pobladores de Tlacolula de Matamoros, tras la recuperaci\u00f3n de una escuela por parte de padres de familia; dos personas lesionadas, el saldo preliminar. <br>Fotos: Especial <a href=\"https:\/\/t.co\/KGekkp0DzN\">pic.twitter.com\/KGekkp0DzN<\/a><\/p>&mdash; Zona Roja Oaxaca (@MexRoja) <a href=\"https:\/\/twitter.com\/MexRoja\/status\/1187822820526567425?ref_src=twsrc%5Etfw\">25 de octubre de 2019<\/a><\/blockquote><\/div>\n<\/div><\/figure>\n\n\n\n<p>Tutores que inicialmente eran\nrespaldados por el presidente municipal Carlos Le\u00f3n Monterrubio, llegaron alrededor\nde las ocho de la ma\u00f1ana; retiraron cercas de l\u00e1mina y malla cicl\u00f3nica e\ningresaron al plantel, en reconstrucci\u00f3n debido a afectaciones que tuvo por los\nsismos del a\u00f1o 2017.<\/p>\n\n\n\n<p>Quemaron madera de los cimientos de la\nobra luego las cubrieron con tierra. Posteriormente arrib\u00f3 personal de la\nSecretar\u00eda General de Gobierno para dialogar con los inconformes.<\/p>\n\n\n\n<p>Despu\u00e9s de las dos de la tarde, cuando\npresuntamente hab\u00edan concluido su actividad, una presunta agresi\u00f3n verbal por\nparte de un polic\u00eda desat\u00f3 la ira de varios padres de familia, que se\nconfrontaron con los elementos policiacos.<\/p>\n\n\n\n<p>Dos uniformados lesionados es el saldo preliminar del enfrentamiento, quienes fueron trasladados a un hospital cercano de ese municipio de la regi\u00f3n Valles Centrales, ubicado a unos 32 kil\u00f3metros al oriente de la capital.<\/p>\n\n\n\n<figure class=\"wp-block-embed-twitter wp-block-embed is-type-rich is-provider-twitter\"><div class=\"wp-block-embed__wrapper\">\n<div class=\"twitter-tweet\"><blockquote class=\"twitter-tweet\" data-lang=\"es\"><p lang=\"es\" dir=\"ltr\"><a href=\"https:\/\/twitter.com\/hashtag\/OaxacaGris?src=hash&amp;ref_src=twsrc%5Etfw\">#OaxacaGris<\/a><br>Se tensa la situaci\u00f3n en Tlacolula de Matamoros por recuperaci\u00f3n de escuela; un grupo de tutores tiro una barda, ingres\u00f3 a la primaria \u201cPresidente L\u00f3pez Mateos\u201d y clausura obras de reconstrucci\u00f3n. <a href=\"https:\/\/t.co\/epoAFRjhiB\">pic.twitter.com\/epoAFRjhiB<\/a><\/p>&mdash; Zona Roja Oaxaca (@MexRoja) <a href=\"https:\/\/twitter.com\/MexRoja\/status\/1187765759763611648?ref_src=twsrc%5Etfw\">25 de octubre de 2019<\/a><\/blockquote><\/div>\n<\/div><\/figure>\n\n\n\n<p>Desde hace m\u00e1s de dos meses persiste la disputa del plantel por parte de dos grupos; uno el de padres de familia apoyados por el edil, surgido del Partido Morena, y otro respaldado por profesores de la Secci\u00f3n 22 del SNTE.<\/p>\n\n\n\n<p>El conflicto ha derivado en cierre la carretera federal, la retenci\u00f3n de mentores, la solicitud de intervenci\u00f3n del Presidente Andr\u00e9s Manuel L\u00f3pez Obrador y ahora la violencia.<\/p>\n\n\n\n<p><\/p>\n","protected":false},"excerpt":{"rendered":"<p>Ismael Garc\u00eda\/Zona Roja. Oaxaca de Ju\u00e1rez, Oax., 25 de octubre de 2019.- Tras la recuperaci\u00f3n&hellip;<\/p>\n","protected":false},"author":2,"featured_media":5126,"comment_status":"closed","ping_status":"open","sticky":false,"template":"","format":"standard","meta":{"_lmt_disableupdate":"","_lmt_disable":"","_jetpack_memberships_contains_paid_content":false,"footnotes":""},"categories":[109,51],"tags":[899,127],"class_list":["post-5125","post","type-post","status-publish","format-standard","has-post-thumbnail","hentry","category-minuto-a-minuto","category-zona-roja","tag-carlos-leon-monterrubio","tag-tlacolula-de-matamoros"],"jetpack_featured_media_url":"https:\/\/zonaroja.com.mx\/wp-content\/uploads\/2019\/10\/Image-1-36-3.png","jetpack_sharing_enabled":true,"_links":{"self":[{"href":"https:\/\/zonaroja.com.mx\/index.php?rest_route=\/wp\/v2\/posts\/5125","targetHints":{"allow":["GET"]}}],"collection":[{"href":"https:\/\/zonaroja.com.mx\/index.php?rest_route=\/wp\/v2\/posts"}],"about":[{"href":"https:\/\/zonaroja.com.mx\/index.php?rest_route=\/wp\/v2\/types\/post"}],"author":[{"embeddable":true,"href":"https:\/\/zonaroja.com.mx\/index.php?rest_route=\/wp\/v2\/users\/2"}],"replies":[{"embeddable":true,"href":"https:\/\/zonaroja.com.mx\/index.php?rest_route=%2Fwp%2Fv2%2Fcomments&post=5125"}],"version-history":[{"count":1,"href":"https:\/\/zonaroja.com.mx\/index.php?rest_route=\/wp\/v2\/posts\/5125\/revisions"}],"predecessor-version":[{"id":5127,"href":"https:\/\/zonaroja.com.mx\/index.php?rest_route=\/wp\/v2\/posts\/5125\/revisions\/5127"}],"wp:featuredmedia":[{"embeddable":true,"href":"https:\/\/zonaroja.com.mx\/index.php?rest_route=\/wp\/v2\/media\/5126"}],"wp:attachment":[{"href":"https:\/\/zonaroja.com.mx\/index.php?rest_route=%2Fwp%2Fv2%2Fmedia&parent=5125"}],"wp:term":[{"taxonomy":"category","embeddable":true,"href":"https:\/\/zonaroja.com.mx\/index.php?rest_route=%2Fwp%2Fv2%2Fcategories&post=5125"},{"taxonomy":"post_tag","embeddable":true,"href":"https:\/\/zonaroja.com.mx\/index.php?rest_route=%2Fwp%2Fv2%2Ftags&post=5125"}],"curies":[{"name":"wp","href":"https:\/\/api.w.org\/{rel}","templated":true}]}}