{"id":51251,"date":"2023-02-03T20:03:17","date_gmt":"2023-02-04T02:03:17","guid":{"rendered":"http:\/\/www.zonaroja.com.mx\/?p=51251"},"modified":"2023-02-03T20:11:20","modified_gmt":"2023-02-04T02:11:20","slug":"viernes-rojo-en-oaxaca-dos-ejecutados-con-signos-de-tortura-y-asalto-armado","status":"publish","type":"post","link":"https:\/\/zonaroja.com.mx\/?p=51251","title":{"rendered":"Viernes rojo en Oaxaca: dos ejecutados, con signos de tortura"},"content":{"rendered":"\n<p>Ismael Garc\u00eda M.\/Zona Roja.<\/p>\n\n\n\n<p>Oaxaca de Ju\u00e1rez, Oax., a 3 de febrero de 2023.- Frente a la inoperancia de la Secretar\u00eda de Seguridad y Protecci\u00f3n Ciudadana y nulos resultados de los operativos con la Guardia Nacional, el Ej\u00e9rcito y la Marina, la ola criminal sigue creciendo en Oaxaca.<\/p>\n\n\n\n<p>Este viernes, al menos dos personas fueron asesinadas con disparos de arma de fuego, con signos de ejecuci\u00f3n, en la regi\u00f3n de Valles Centrales.<\/p>\n\n\n\n<p>Alrededor de las 09:00 horas de hoy, en la calle Benito Ju\u00e1rez del municipio de Tlalixtac de Cabrera, a la entrada del pante\u00f3n, fue hallado el cuerpo de un individuo, con huellas de tortura y una cuerda atada al cuello.<\/p>\n\n\n\n<p>Fue identificado de manera preliminar como Aquiles L. J., de 50 a\u00f1os de edad, quien la tarde de ayer desapareci\u00f3 de su domicilio, en le fraccionamiento Trinidad de las Huertas de la ciudad de Oaxaca, donde habr\u00eda sido plagiado y posteriormente torturado, para luego tirar el cuerpo en Tlalixtac.<\/p>\n\n\n\n<p>Presuntamente se dedicaba a la compra y venta de bienes inmobiliarios y en redes sociales se comparti\u00f3 una imagen en la que advert\u00edan que era un defraudador; hasta el momento se desconoce el m\u00f3vil del crimen.<\/p>\n\n\n\n<figure class=\"wp-block-embed is-type-rich is-provider-twitter wp-block-embed-twitter\"><div class=\"wp-block-embed__wrapper\">\n<div class=\"twitter-tweet\"><blockquote class=\"twitter-tweet\" data-lang=\"es\"><p lang=\"es\" dir=\"ltr\"><a href=\"https:\/\/twitter.com\/hashtag\/ENVIVO?src=hash&amp;ref_src=twsrc%5Etfw\">#ENVIVO<\/a><br>Hallan a una persona ejecutada, en la calle Benito Ju\u00e1rez, en el acceso al pante\u00f3n de Tlalixtac de Cabrera. De manera preliminar se informa que se trata de Aquiles L. J., de 50 a\u00f1os de edad.Habr\u00eda sido secuestrado ayer en la capital.<br>Transmisi\u00f3n \ud83d\udc47<a href=\"https:\/\/t.co\/tl9tyGsccg\">https:\/\/t.co\/tl9tyGsccg<\/a> <a href=\"https:\/\/t.co\/FzRbt8O46U\">pic.twitter.com\/FzRbt8O46U<\/a><\/p>&mdash; Zona Roja Oaxaca (@ZonaRoja_Oaxaca) <a href=\"https:\/\/twitter.com\/ZonaRoja_Oaxaca\/status\/1621553672466333701?ref_src=twsrc%5Etfw\">3 de febrero de 2023<\/a><\/blockquote><\/div>\n<\/div><\/figure>\n\n\n\n<p>Mientras que en la carretera local que comunica a San Dionisio Ocotepec con Ocotl\u00e1n de Morelos, fue localizado el cuerpo de un individuo, a\u00fan no identificado, y tambi\u00e9n con huellas de tortura, pues le fueron arrancadas las orejas y al parecer fue arrastrado por varios metros.<\/p>\n\n\n\n<p>Fue a la orilla de la cinta asf\u00e1ltica, a la altura de la comunidad Tierra Blanca, del municipio de Santiago Matatl\u00e1n, en que se hall\u00f3 el cad\u00e1ver, que adem\u00e1s presenta heridas en cuello y t\u00f3rax.<\/p>\n\n\n\n<p>OLA DELICTIVA<\/p>\n\n\n\n<p>El pasado mi\u00e9rcoles, en la carretera federal 200 de la regi\u00f3n Costa, en un tramo carretero entre San Pedro Pochutla y Santa Mar\u00eda Huatulco, a la altura de la localidad El Ciruelo, un grupo armado asalt\u00f3 un cami\u00f3n repartidor de cervezas.<\/p>\n\n\n\n<p>Cerca de una decena de sujetos con armas largas bloquearon el paso de la unidad, enca\u00f1onaron al chofer y lo obligaron a entregarles el dinero y la mercanc\u00eda, que se presume con un valor de 100 mil pesos; hasta el momento los asaltantes no han sido localizados.<\/p>\n\n\n\n<p>Por otra parte que en la carretera Huajuapan de Le\u00f3n-Santiago Juxtlahuaca, a la altura de de la agencia de San Francisco Yosocuta, fue localizado la tarde del mi\u00e9rcoles el cuerpo de un hombre sin vida, con disparos de arma de fuego.<\/p>\n\n\n\n<p>La v\u00edctima fue identificada de manera preliminar como J. A. P., de aproximadamente 27 a\u00f1os de edad y al parecer era trabajador de la Comisi\u00f3n Federal de Electricidad.<\/p>\n","protected":false},"excerpt":{"rendered":"<p>Ismael Garc\u00eda M.\/Zona Roja. Oaxaca de Ju\u00e1rez, Oax., a 3 de febrero de 2023.- Frente&hellip;<\/p>\n","protected":false},"author":2,"featured_media":51252,"comment_status":"closed","ping_status":"open","sticky":false,"template":"","format":"standard","meta":{"_lmt_disableupdate":"","_lmt_disable":"","_jetpack_memberships_contains_paid_content":false,"footnotes":""},"categories":[109,51],"tags":[1259],"class_list":["post-51251","post","type-post","status-publish","format-standard","has-post-thumbnail","hentry","category-minuto-a-minuto","category-zona-roja","tag-tlalixtac-de-cabrera"],"jetpack_featured_media_url":"https:\/\/zonaroja.com.mx\/wp-content\/uploads\/2023\/02\/Ejecutado-Tlalixtac-de-Cabrera.jpg","jetpack_sharing_enabled":true,"_links":{"self":[{"href":"https:\/\/zonaroja.com.mx\/index.php?rest_route=\/wp\/v2\/posts\/51251","targetHints":{"allow":["GET"]}}],"collection":[{"href":"https:\/\/zonaroja.com.mx\/index.php?rest_route=\/wp\/v2\/posts"}],"about":[{"href":"https:\/\/zonaroja.com.mx\/index.php?rest_route=\/wp\/v2\/types\/post"}],"author":[{"embeddable":true,"href":"https:\/\/zonaroja.com.mx\/index.php?rest_route=\/wp\/v2\/users\/2"}],"replies":[{"embeddable":true,"href":"https:\/\/zonaroja.com.mx\/index.php?rest_route=%2Fwp%2Fv2%2Fcomments&post=51251"}],"version-history":[{"count":3,"href":"https:\/\/zonaroja.com.mx\/index.php?rest_route=\/wp\/v2\/posts\/51251\/revisions"}],"predecessor-version":[{"id":51255,"href":"https:\/\/zonaroja.com.mx\/index.php?rest_route=\/wp\/v2\/posts\/51251\/revisions\/51255"}],"wp:featuredmedia":[{"embeddable":true,"href":"https:\/\/zonaroja.com.mx\/index.php?rest_route=\/wp\/v2\/media\/51252"}],"wp:attachment":[{"href":"https:\/\/zonaroja.com.mx\/index.php?rest_route=%2Fwp%2Fv2%2Fmedia&parent=51251"}],"wp:term":[{"taxonomy":"category","embeddable":true,"href":"https:\/\/zonaroja.com.mx\/index.php?rest_route=%2Fwp%2Fv2%2Fcategories&post=51251"},{"taxonomy":"post_tag","embeddable":true,"href":"https:\/\/zonaroja.com.mx\/index.php?rest_route=%2Fwp%2Fv2%2Ftags&post=51251"}],"curies":[{"name":"wp","href":"https:\/\/api.w.org\/{rel}","templated":true}]}}