{"id":51260,"date":"2023-02-03T21:42:51","date_gmt":"2023-02-04T03:42:51","guid":{"rendered":"http:\/\/www.zonaroja.com.mx\/?p=51260"},"modified":"2023-02-03T22:01:41","modified_gmt":"2023-02-04T04:01:41","slug":"prepotencia-de-funcionario-de-la-4t-causa-conflicto-con-organizaciones","status":"publish","type":"post","link":"https:\/\/zonaroja.com.mx\/?p=51260","title":{"rendered":"Prepotencia de funcionario de la 4T causa conflicto con organizaciones"},"content":{"rendered":"\n<p>Yuridiana Sosa\/Zona Roja.<\/p>\n\n\n\n<p>Oaxaca de Ju\u00e1rez, Oax., a 3 de febrero de 2023.- Ni tanta transformaci\u00f3n ni tan abiertas las puertas del Palacio de Gobierno de Oaxaca para el pueblo, desde donde organizaciones sociales reciben malos tratos por funcionarios de la Secretar\u00eda de Gobierno.<\/p>\n\n\n\n<p>Este viernes, alrededor de las 14:00 horas el acceso principal del recinto fue sede de un en\u00e9rgico reclamo al Gobierno del Estado por dirigencias de diversas organizaciones, que, pese a tener una cita programada fueron recibidos con prepotencia y desd\u00e9n de parte del Director de la Gesti\u00f3n, \u00c9dgar Gandarillas Alavez, quien imped\u00eda el acceso de representantes.<\/p>\n\n\n\n<p>\u201c\u00a1Gobierne quien gobierne, los derechos se defienden!\u201d, \u201c\u00a1Gobierne quien gobierne, los derechos se defienden!\u201d, fue el reclamo espont\u00e1neo de los dirigentes, entre ellos el de las organizaciones \u201cSol Rojo\u201d y Organizaciones Indias&nbsp;por&nbsp;los Derechos Humanos de Oaxaca (OIDHO), entre varias otras.&nbsp;<\/p>\n\n\n\n<p>\u201c\u00bfEse es el cambio?, \u00bfEse es el cambio?\u201d, gritaron con indignaci\u00f3n los asistentes a la reuni\u00f3n, pues, aunque supuestamente el Palacio de Gobierno ya es un lugar m\u00e1s abierto al p\u00fablico, el trato de los funcionarios en comparaci\u00f3n al anterior es peor.<\/p>\n\n\n\n<p>Para calmar los \u00e1nimos, otra trabajadora del gobierno sali\u00f3 para ser la nueva intermediaria y no frustrar la reuni\u00f3n programada.<\/p>\n\n\n\n<p>\u201cPor favor, yo voy a hacer el proceso de acceso\u2026las puertas est\u00e1n abiertas, nada m\u00e1s les voy a pedir que sea de manera pac\u00edfica, el di\u00e1logo se va a dar de manera pac\u00edfica y con respeto\u201d, dijo la mujer ante el numeroso grupo que no paraba de reclamar los malos tratos de \u00c9dgar Gandarillas.<\/p>\n\n\n\n<p>Pero las organizaciones insistieron en&nbsp;&nbsp;por qu\u00e9 ped\u00eda respeto si el funcionario de la Secretar\u00eda de Gobierno no los hab\u00eda tratado de esa forma, \u00bfNuestras organizaciones no merecen respeto?\u201d, prosigui\u00f3 el cuestionamiento.<\/p>\n\n\n\n<p>Tras el incidente las dirigencias reconsideraron por unos minutos su ingreso al recinto para llevar a cabo la mesa de di\u00e1logo con la Secretaria de Gobierno que dirige Jes\u00fas Romero.<\/p>\n\n\n\n<p>Minutos despu\u00e9s, el ingreso de los representantes se realiz\u00f3 sin incidentes, y sin la presencia de Gandarillas Alavez, quien casi echa a perder la reuni\u00f3n.&nbsp;<\/p>\n\n\n\n<figure class=\"wp-block-embed is-type-rich is-provider-twitter wp-block-embed-twitter\"><div class=\"wp-block-embed__wrapper\">\n<div class=\"twitter-tweet\"><blockquote class=\"twitter-tweet\" data-lang=\"es\"><p lang=\"es\" dir=\"ltr\"><a href=\"https:\/\/twitter.com\/hashtag\/%C3%9AltimoMinuto?src=hash&amp;ref_src=twsrc%5Etfw\">#\u00daltimoMinuto<\/a><br>Ayer, un centenar de polic\u00edas y patrullas para impedir ingreso de ind\u00edgenas triquis al z\u00f3calo. <br>Hoy, prepotencia de \u00c9dgar Gandarillas, funcionario de la <a href=\"https:\/\/twitter.com\/SEGO_Oax?ref_src=twsrc%5Etfw\">@SEGO_Oax<\/a>, que imped\u00eda el acceso de representantes de organizaciones sociales citados en el Palacio de Gobierno. <a href=\"https:\/\/t.co\/6lPsaW55p2\">pic.twitter.com\/6lPsaW55p2<\/a><\/p>&mdash; Zona Roja Oaxaca (@ZonaRoja_Oaxaca) <a href=\"https:\/\/twitter.com\/ZonaRoja_Oaxaca\/status\/1621609764710129664?ref_src=twsrc%5Etfw\">3 de febrero de 2023<\/a><\/blockquote><\/div>\n<\/div><\/figure>\n","protected":false},"excerpt":{"rendered":"<p>Yuridiana Sosa\/Zona Roja. Oaxaca de Ju\u00e1rez, Oax., a 3 de febrero de 2023.- Ni tanta&hellip;<\/p>\n","protected":false},"author":2,"featured_media":51261,"comment_status":"closed","ping_status":"open","sticky":false,"template":"","format":"standard","meta":{"_lmt_disableupdate":"","_lmt_disable":"","_jetpack_memberships_contains_paid_content":false,"footnotes":""},"categories":[109,47],"tags":[891,3423],"class_list":["post-51260","post","type-post","status-publish","format-standard","has-post-thumbnail","hentry","category-minuto-a-minuto","category-zona-gris","tag-jesus-romero-lopez","tag-secretaria-de-gobierno-sego"],"jetpack_featured_media_url":"https:\/\/zonaroja.com.mx\/wp-content\/uploads\/2023\/02\/Organizaciones-sociales-Palaciode-Gobierno.jpg","jetpack_sharing_enabled":true,"_links":{"self":[{"href":"https:\/\/zonaroja.com.mx\/index.php?rest_route=\/wp\/v2\/posts\/51260","targetHints":{"allow":["GET"]}}],"collection":[{"href":"https:\/\/zonaroja.com.mx\/index.php?rest_route=\/wp\/v2\/posts"}],"about":[{"href":"https:\/\/zonaroja.com.mx\/index.php?rest_route=\/wp\/v2\/types\/post"}],"author":[{"embeddable":true,"href":"https:\/\/zonaroja.com.mx\/index.php?rest_route=\/wp\/v2\/users\/2"}],"replies":[{"embeddable":true,"href":"https:\/\/zonaroja.com.mx\/index.php?rest_route=%2Fwp%2Fv2%2Fcomments&post=51260"}],"version-history":[{"count":2,"href":"https:\/\/zonaroja.com.mx\/index.php?rest_route=\/wp\/v2\/posts\/51260\/revisions"}],"predecessor-version":[{"id":51263,"href":"https:\/\/zonaroja.com.mx\/index.php?rest_route=\/wp\/v2\/posts\/51260\/revisions\/51263"}],"wp:featuredmedia":[{"embeddable":true,"href":"https:\/\/zonaroja.com.mx\/index.php?rest_route=\/wp\/v2\/media\/51261"}],"wp:attachment":[{"href":"https:\/\/zonaroja.com.mx\/index.php?rest_route=%2Fwp%2Fv2%2Fmedia&parent=51260"}],"wp:term":[{"taxonomy":"category","embeddable":true,"href":"https:\/\/zonaroja.com.mx\/index.php?rest_route=%2Fwp%2Fv2%2Fcategories&post=51260"},{"taxonomy":"post_tag","embeddable":true,"href":"https:\/\/zonaroja.com.mx\/index.php?rest_route=%2Fwp%2Fv2%2Ftags&post=51260"}],"curies":[{"name":"wp","href":"https:\/\/api.w.org\/{rel}","templated":true}]}}