{"id":51268,"date":"2023-02-04T13:00:00","date_gmt":"2023-02-04T19:00:00","guid":{"rendered":"http:\/\/www.zonaroja.com.mx\/?p=51268"},"modified":"2023-02-04T07:28:07","modified_gmt":"2023-02-04T13:28:07","slug":"inicia-poder-judicial-programa-la-justicia-es-para-todas-y-todos-dirigido-a-ninez","status":"publish","type":"post","link":"https:\/\/zonaroja.com.mx\/?p=51268","title":{"rendered":"Inicia Poder Judicial programa \u201cLa justicia es para todas y todos\u201d, dirigido a ni\u00f1ez"},"content":{"rendered":"\n<p>Redacci\u00f3n\/Zona Roja.<\/p>\n\n\n\n<p>Oaxaca de Ju\u00e1rez, Oax., a 4 de febrero de 2023.- Como parte de las actividades para fomentar la cultura de la legalidad&nbsp;y acercar a&nbsp;ni\u00f1as, ni\u00f1os&nbsp;y j\u00f3venes&nbsp;al \u00e1mbito de la&nbsp;justicia, el Poder Judicial del Estado puso en marcha \u201cLa Justicia es para&nbsp;todas y&nbsp;todos\u201d,&nbsp;un programa&nbsp;dirigido a las instituciones de educaci\u00f3n b\u00e1sica&nbsp;y media superior, a trav\u00e9s del cual se contribuye al conocimiento de la funci\u00f3n de la instituci\u00f3n, los valores, la convivencia social, el respeto a las leyes y los derechos humanos.&nbsp;<\/p>\n\n\n\n<p>Con actividades l\u00fadicas y did\u00e1cticas como la lectura del cuento \u201cLa justicia de la tortuga\u201d,&nbsp;relatos cortos,&nbsp;juegos, canciones y manualidades, personal especializado de la Escuela Judicial,&nbsp;con un lenguaje sencillo&nbsp;orienta a las y los estudiantes&nbsp;sobre aspectos que les ayudar\u00e1n en su&nbsp;formaci\u00f3n humana, social y \u00e9tica.&nbsp;<\/p>\n\n\n\n<p>En entrevista, el director de la Escuela Judicial&nbsp;del Consejo de la Judicatura del Poder Judicial del Estado, maestro&nbsp;H\u00e9ctor V\u00e1zquez Quevedo&nbsp;explic\u00f3 que \u201cLa Justicia es para&nbsp;todas y&nbsp;todos\u201d,&nbsp;es un programa de fomento a la cultura&nbsp;jur\u00eddica que permite a la poblaci\u00f3n conocer el marco legal que amparan sus derechos, as\u00ed como las instancias a las que pueden acudir para hacer valerlos.<\/p>\n\n\n\n<p>Resalt\u00f3&nbsp;que est\u00e1 dirigido a estudiantes de educaci\u00f3n preescolar, primaria, secundaria y media superior&nbsp;con el objetivo de plantearles temas como los derechos de infancia, justicia para las y los adolescentes, discapacidad y violencia de g\u00e9nero; as\u00ed como&nbsp;documentos fundamentales relativos a la protecci\u00f3n de los derechos de las infancias y adolescencias, entre otros.<\/p>\n\n\n\n<p>Invit\u00f3 a&nbsp;las escuelas a solicitar una&nbsp;visita, a&nbsp;trav\u00e9s de la Escuela Judicial&nbsp;comunic\u00e1ndose al tel\u00e9fono&nbsp;951&nbsp;501&nbsp;66&nbsp;80&nbsp;extensi\u00f3n&nbsp;32018, o al correo electr\u00f3nico&nbsp;investigaciondocenciajudicial@gmail.com.&nbsp;Como parte de las primeras actividades del programa,&nbsp;recientemente&nbsp;se realiz\u00f3 una jornada&nbsp;en el Instituto&nbsp;Pedadi,&nbsp;de la ciudad de Oaxaca,&nbsp;dirigidas a m\u00e1s de 50 ni\u00f1as y ni\u00f1os de preescolar y primaria.&nbsp;<\/p>\n","protected":false},"excerpt":{"rendered":"<p>Redacci\u00f3n\/Zona Roja. Oaxaca de Ju\u00e1rez, Oax., a 4 de febrero de 2023.- Como parte de&hellip;<\/p>\n","protected":false},"author":2,"featured_media":51265,"comment_status":"closed","ping_status":"open","sticky":false,"template":"","format":"standard","meta":{"_lmt_disableupdate":"","_lmt_disable":"","_jetpack_memberships_contains_paid_content":false,"footnotes":""},"categories":[109,46],"tags":[223],"class_list":["post-51268","post","type-post","status-publish","format-standard","has-post-thumbnail","hentry","category-minuto-a-minuto","category-zona-blanca","tag-poder-judicial-de-oaxaca"],"jetpack_featured_media_url":"https:\/\/zonaroja.com.mx\/wp-content\/uploads\/2023\/02\/El-programa-comprende-la-visita-a-planteles-educativos-1.jpg","jetpack_sharing_enabled":true,"_links":{"self":[{"href":"https:\/\/zonaroja.com.mx\/index.php?rest_route=\/wp\/v2\/posts\/51268","targetHints":{"allow":["GET"]}}],"collection":[{"href":"https:\/\/zonaroja.com.mx\/index.php?rest_route=\/wp\/v2\/posts"}],"about":[{"href":"https:\/\/zonaroja.com.mx\/index.php?rest_route=\/wp\/v2\/types\/post"}],"author":[{"embeddable":true,"href":"https:\/\/zonaroja.com.mx\/index.php?rest_route=\/wp\/v2\/users\/2"}],"replies":[{"embeddable":true,"href":"https:\/\/zonaroja.com.mx\/index.php?rest_route=%2Fwp%2Fv2%2Fcomments&post=51268"}],"version-history":[{"count":1,"href":"https:\/\/zonaroja.com.mx\/index.php?rest_route=\/wp\/v2\/posts\/51268\/revisions"}],"predecessor-version":[{"id":51269,"href":"https:\/\/zonaroja.com.mx\/index.php?rest_route=\/wp\/v2\/posts\/51268\/revisions\/51269"}],"wp:featuredmedia":[{"embeddable":true,"href":"https:\/\/zonaroja.com.mx\/index.php?rest_route=\/wp\/v2\/media\/51265"}],"wp:attachment":[{"href":"https:\/\/zonaroja.com.mx\/index.php?rest_route=%2Fwp%2Fv2%2Fmedia&parent=51268"}],"wp:term":[{"taxonomy":"category","embeddable":true,"href":"https:\/\/zonaroja.com.mx\/index.php?rest_route=%2Fwp%2Fv2%2Fcategories&post=51268"},{"taxonomy":"post_tag","embeddable":true,"href":"https:\/\/zonaroja.com.mx\/index.php?rest_route=%2Fwp%2Fv2%2Ftags&post=51268"}],"curies":[{"name":"wp","href":"https:\/\/api.w.org\/{rel}","templated":true}]}}