{"id":51270,"date":"2023-02-04T12:00:00","date_gmt":"2023-02-04T18:00:00","guid":{"rendered":"http:\/\/www.zonaroja.com.mx\/?p=51270"},"modified":"2023-02-04T07:13:27","modified_gmt":"2023-02-04T13:13:27","slug":"juez-federal-ordena-a-edil-de-oaxaca-emitir-protocolo-para-proteger-arboles","status":"publish","type":"post","link":"https:\/\/zonaroja.com.mx\/?p=51270","title":{"rendered":"Juez federal ordena a edil de Oaxaca emitir protocolo para proteger \u00e1rboles"},"content":{"rendered":"\n<p>Redacci\u00f3n\/Estado 20.<\/p>\n\n\n\n<p>Oaxaca de Ju\u00e1rez, Oax., a 4 de febrero de 2023.- El juez Segundo de Distrito en el Estado de Oaxaca, concedi\u00f3 el amparo y protecci\u00f3n de la justicia federal, a Edgar Aldair P\u00e9rez Ortiz, Premio Nacional de la Juventud, joven Ind\u00edgena e integrante de Litigio Estrat\u00e9gico Ind\u00edgena A.C., para obligar al municipio de Oaxaca de Ju\u00e1rez, Oaxaca, a cuidar y proteger los \u00e1rboles, parques y jardines.<\/p>\n\n\n\n<p>Por el descuido de las autoridades municipales de Oaxaca de Ju\u00e1rez diversos \u00e1rboles en la capital del Estado colapsaron en 2021 y 2022, los m\u00e1s emblem\u00e1ticos fueron:<\/p>\n\n\n\n<p>\u201cEl colapso del gran \u00e1rbol de higo ubicado en calzada de la Rep\u00fablica, de la ciudad de Oaxaca de Ju\u00e1rez el ocho de agosto de 2021.\u201d<\/p>\n\n\n\n<p>\u201cEl \u00e1rbol de fresno, que ten\u00eda m\u00e1s de 210 a\u00f1os de antig\u00fcedad, se desplom\u00f3 en el municipio de Oaxaca de Ju\u00e1rez, el siete de abril de 2022.\u201d<\/p>\n\n\n\n<p>\u201cEl emblem\u00e1tico \u00e1rbol de Laurel en el z\u00f3calo de Oaxaca de Ju\u00e1rez que colapso el siete de junio de 2022.\u201d<\/p>\n\n\n\n<p>Aunado a estos hechos, las autoridades encargadas del cuidado del medio ambiente y patrimonio del municipio de Oaxaca de Ju\u00e1rez, hicieron caso omiso a la problem\u00e1tica del descuido que presentan los parques, jardineras y \u00e1rboles, poniendo en riesgo la vida y salud de las y los oaxaque\u00f1os.<\/p>\n\n\n\n<p>Por tal motivo, el 8 de junio de 2022, Edgar Aldair, present\u00f3 una demanda de amparo en la que solicit\u00f3 el amparo y protecci\u00f3n de la justicia federal, contra las omisiones de las autoridades del municipio de Oaxaca de Ju\u00e1rez, de establecer medidas o acciones para prevenir, proteger y salvaguardar la ca\u00edda de los \u00e1rboles en la ciudad de Oaxaca de Ju\u00e1rez, lo que tra\u00eda como consecuencia una severa afectaci\u00f3n al medio ambiente.<\/p>\n\n\n\n<p>La demanda de amparo se tramita ante el Juzgado Segundo de Distrito en el Estado de Oaxaca.<\/p>\n\n\n\n<p>Despu\u00e9s de diversos tr\u00e1mites, finalmente el 25 de enero de 2023, el juez segundo de Distrito, resolvi\u00f3 conceder el amparo a Edgar Aldair.<\/p>\n\n\n\n<p>\u201cLa sentencia es un claro ejemplo de que si no decimos u obligamos a las autoridades a que hagan su trabajo, dif\u00edcilmente lo realizar\u00e1n.\u201d Coment\u00f3 Edgar Aldair, Premio Nacional de la Juventud.<\/p>\n\n\n\n<p>En la sentencia de amparo de amparo se ordena al presidente municipal de Oaxaca de Ju\u00e1rez, regidor de Medio Ambiente, Secretar\u00eda de Medio Ambiente y Cambio Clim\u00e1tico, Secretar\u00eda de Servicios Municipales y Comisi\u00f3n de Servicios Municipales, todas pertenecientes al municipio de Oaxaca de Ju\u00e1rez, realicen varias acciones, pero las que m\u00e1s destacan son las de crear:<\/p>\n\n\n\n<p>1. El protocolo de actuaci\u00f3n para prevenir y atender el riesgo o peligro que representa la ca\u00edda del arbolado en el municipio de Oaxaca de Ju\u00e1rez; y,<\/p>\n\n\n\n<p>2. El plan integral para el manejo del arbolado urbano en el municipio de Oaxaca de Ju\u00e1rez.<\/p>\n\n\n\n<p>El juez federal otorg\u00f3 un plazo de 30 d\u00edas a las autoridades municipales para que realicen tales acciones.<\/p>\n\n\n\n<p>Lo anterior con la finalidad garantizar el derecho humano a un medio ambiente sano a las y los oaxaque\u00f1os.<\/p>\n","protected":false},"excerpt":{"rendered":"<p>Redacci\u00f3n\/Estado 20. Oaxaca de Ju\u00e1rez, Oax., a 4 de febrero de 2023.- El juez Segundo&hellip;<\/p>\n","protected":false},"author":2,"featured_media":30727,"comment_status":"closed","ping_status":"open","sticky":false,"template":"","format":"standard","meta":{"_lmt_disableupdate":"","_lmt_disable":"","_jetpack_memberships_contains_paid_content":false,"footnotes":""},"categories":[109,46],"tags":[148],"class_list":["post-51270","post","type-post","status-publish","format-standard","has-post-thumbnail","hentry","category-minuto-a-minuto","category-zona-blanca","tag-oaxaca-de-juarez"],"jetpack_featured_media_url":"https:\/\/zonaroja.com.mx\/wp-content\/uploads\/2021\/08\/Higo-del-Valle-calzada-de-la-Republica-ciudad-de-Oaxaca.jpg","jetpack_sharing_enabled":true,"_links":{"self":[{"href":"https:\/\/zonaroja.com.mx\/index.php?rest_route=\/wp\/v2\/posts\/51270","targetHints":{"allow":["GET"]}}],"collection":[{"href":"https:\/\/zonaroja.com.mx\/index.php?rest_route=\/wp\/v2\/posts"}],"about":[{"href":"https:\/\/zonaroja.com.mx\/index.php?rest_route=\/wp\/v2\/types\/post"}],"author":[{"embeddable":true,"href":"https:\/\/zonaroja.com.mx\/index.php?rest_route=\/wp\/v2\/users\/2"}],"replies":[{"embeddable":true,"href":"https:\/\/zonaroja.com.mx\/index.php?rest_route=%2Fwp%2Fv2%2Fcomments&post=51270"}],"version-history":[{"count":1,"href":"https:\/\/zonaroja.com.mx\/index.php?rest_route=\/wp\/v2\/posts\/51270\/revisions"}],"predecessor-version":[{"id":51271,"href":"https:\/\/zonaroja.com.mx\/index.php?rest_route=\/wp\/v2\/posts\/51270\/revisions\/51271"}],"wp:featuredmedia":[{"embeddable":true,"href":"https:\/\/zonaroja.com.mx\/index.php?rest_route=\/wp\/v2\/media\/30727"}],"wp:attachment":[{"href":"https:\/\/zonaroja.com.mx\/index.php?rest_route=%2Fwp%2Fv2%2Fmedia&parent=51270"}],"wp:term":[{"taxonomy":"category","embeddable":true,"href":"https:\/\/zonaroja.com.mx\/index.php?rest_route=%2Fwp%2Fv2%2Fcategories&post=51270"},{"taxonomy":"post_tag","embeddable":true,"href":"https:\/\/zonaroja.com.mx\/index.php?rest_route=%2Fwp%2Fv2%2Ftags&post=51270"}],"curies":[{"name":"wp","href":"https:\/\/api.w.org\/{rel}","templated":true}]}}