{"id":51272,"date":"2023-02-04T10:00:00","date_gmt":"2023-02-04T16:00:00","guid":{"rendered":"http:\/\/www.zonaroja.com.mx\/?p=51272"},"modified":"2023-02-04T07:20:59","modified_gmt":"2023-02-04T13:20:59","slug":"destaca-ayuntamiento-de-santa-lucia-del-camino-total-transparencia-financiera","status":"publish","type":"post","link":"https:\/\/zonaroja.com.mx\/?p=51272","title":{"rendered":"Destaca ayuntamiento de Santa Luc\u00eda del Camino total transparencia financiera"},"content":{"rendered":"\n<p>Redacci\u00f3n\/Zona Roja.<\/p>\n\n\n\n<p>Oaxaca de Ju\u00e1rez, Oax., a 4 de febrero de 2023.- El ayuntamiento de Santa Luc\u00eda del Camino, que encabeza el presidente municipal Juan Carlos Garc\u00eda M\u00e1rquez, tiene como premisa desde el primer d\u00eda de trabajo, aplicar la pol\u00edtica de transparencia financiera, para que los ciudadanos conozcan de manera clara el manejo de los recursos p\u00fablicos que se le otorgan cada a\u00f1o a este municipio.<\/p>\n\n\n\n<p>Desde que entr\u00f3 en funciones esta administraci\u00f3n municipal, se ha dado puntual apoyo a cada una de las demandas de la ciudadan\u00eda, con un manejo responsable y justo de los recursos que se obtienen del pago de obligaciones y los Ramos 28 y 33.<\/p>\n\n\n\n<p>Esta responsabilidad financiera asumida por el presidente municipal Juan Carlos Garc\u00eda M\u00e1rquez y el Cabildo de Santa Luc\u00eda del Camino, ha permitido la adquisici\u00f3n de parque vehicular como camiones recolectores de basura y una gr\u00faa que sirve para dar mantenimiento y atenci\u00f3n oportuna a las problem\u00e1ticas del municipio.<\/p>\n\n\n\n<p>Tambi\u00e9n, el uso adecuado del dinero p\u00fablico, se ve reflejado en las constantes obras de pavimentaci\u00f3n, drenaje, alumbrado p\u00fablico, limpieza de parques, mantenimiento de calles y avenidas de las diferentes colonias y agencias que conforman este municipio; donde se ha informado con claridad del dinero invertido en cada una de estas acciones a favor de la ciudadan\u00eda.<\/p>\n\n\n\n<p>Igualmente, en Santa Luc\u00eda del Camino se ha generado una gran inversi\u00f3n en materia de seguridad, teniendo como ejemplo la implementaci\u00f3n del C4 y C2, incluyendo la instalaci\u00f3n de diversas c\u00e1maras de vigilancia, as\u00ed como el arco de seguridad en la zona norte del municipio, el cual entrar\u00e1 en operaci\u00f3n pr\u00f3ximamente.<\/p>\n\n\n\n<p>Adem\u00e1s, las y los elementos de seguridad municipal, han sido beneficiados constantemente con mejor equipo t\u00e1ctico para el cumplimiento de sus funciones, todo ello gracias a las puntuales contribuciones que realizan las y los ciudadanos, aportando cada peso en mejorar la seguridad en el municipio.<\/p>\n\n\n\n<p>El ayuntamiento que encabeza Juan Carlos Garc\u00eda M\u00e1rquez, reitera su firme compromiso para darle a las familias de Santa Luc\u00eda del Camino, el bienestar que se merecen, actuando de manera inmediata, responsable y con total transparencia financiera; porque el pueblo conf\u00eda en esta administraci\u00f3n para hacer las cosas bien.<\/p>\n\n\n\n<p>PROTECCI\u00d3N A NI\u00d1EZ<\/p>\n\n\n\n<p>Por otra parte, el ayuntamiento de Santa Luc\u00eda sigue aplicando pol\u00edticas a favor de los derechos de las ni\u00f1as, ni\u00f1os y adolescentes de este municipio, teniendo como premisa trabajar constantemente por su bienestar, ya que ellos son el futuro de Oaxaca, M\u00e9xico y el mundo.<\/p>\n\n\n\n<figure class=\"wp-block-embed is-type-rich is-provider-twitter wp-block-embed-twitter\"><div class=\"wp-block-embed__wrapper\">\n<div class=\"twitter-tweet\"><blockquote class=\"twitter-tweet\" data-lang=\"es\"><p lang=\"es\" dir=\"ltr\">Santa Luc\u00eda del Camino es ejemplo de trabajo a favor de la ni\u00f1ez, por lo que el presidente municipal Juan Carlos Garc\u00eda M\u00e1rquez (<a href=\"https:\/\/twitter.com\/JC_GMarquez?ref_src=twsrc%5Etfw\">@JC_GMarquez<\/a>) no dud\u00f3 en sumarse al proyecto del gobernador de <a href=\"https:\/\/twitter.com\/hashtag\/Oaxaca?src=hash&amp;ref_src=twsrc%5Etfw\">#Oaxaca<\/a>, <a href=\"https:\/\/twitter.com\/salomonj?ref_src=twsrc%5Etfw\">@salomonj<\/a>, para defender los derechos de ni\u00f1as, ni\u00f1os y adolescentes. <a href=\"https:\/\/t.co\/hdZ6QxKFhi\">pic.twitter.com\/hdZ6QxKFhi<\/a><\/p>&mdash; Zona Roja Oaxaca (@ZonaRoja_Oaxaca) <a href=\"https:\/\/twitter.com\/ZonaRoja_Oaxaca\/status\/1621680390837526529?ref_src=twsrc%5Etfw\">4 de febrero de 2023<\/a><\/blockquote><\/div>\n<\/div><\/figure>\n\n\n\n<p>Es por este motivo, ayer se llev\u00f3 a cabo la instalaci\u00f3n del Sistema Municipal de Protecci\u00f3n Integral de los Derechos de Ni\u00f1as, Ni\u00f1os y Adolescentes, en donde se destac\u00f3 la importancia de hacer valer sus garant\u00edas individuales, tanto en el \u00e1mbito familiar, educativo y social.<\/p>\n\n\n\n<p>Al respecto, la joven Aracely Cruz Zurita destac\u00f3 que en la etapa de la ni\u00f1ez repercute la ense\u00f1anza de valores y principios, \u201caspectos como la familia, la escuela y todo aquel ambiente que rodea al ni\u00f1o, a la ni\u00f1a y al adolescente\u201d.<\/p>\n\n\n\n<p>Por su parte, Alma Bautista Ramos, secretaria ejecutiva del Sistema Local de Protecci\u00f3n Integral de los Derechos de las Ni\u00f1as, Ni\u00f1os y Adolescentes del Estado de Oaxaca (SIPINNA), reconoci\u00f3 al gobierno municipal de Santa Luc\u00eda del Camino que encabeza Juan Carlos Garc\u00eda M\u00e1rquez, por trabajar de la mano con la administraci\u00f3n de Salom\u00f3n Jara Cruz para el bienestar de las y los infantes tanto del municipio como de toda la entidad oaxaque\u00f1a.<\/p>\n\n\n\n<p>\u201cEl \u00e1nimo que tiene el presidente Juan Carlos Garc\u00eda M\u00e1rquez es mucho, nos abri\u00f3 las puertas, Santa Luc\u00eda del Camino es el primer municipio que se rige por Sistemas de Partidos Pol\u00edticos que ha aceptado esta encomienda que es una obligaci\u00f3n y que deber\u00edan estar cumpliendo todos los municipios; es el primer municipio en la historia de Santa Luc\u00eda del Camino y hemos caminado bien\u201d, subray\u00f3 Alma Bautista Ramos.<\/p>\n\n\n\n<p>Durante su intervenci\u00f3n, el diputado local Luis Alfonso Silva Romo puntualiz\u00f3 en el trabajo del presidente municipal Juan Carlos Garc\u00eda M\u00e1rquez, para demostrar con hechos la voluntad de gobernar bien, \u201cde cerca con el pueblo y por el beneficio de todas y todos\u201d en Santa Luc\u00eda del Camino.<\/p>\n\n\n\n<p>\u201cTodas y todos tenemos el derecho a ser felices, pero es precisamente en la infancia y en la juventud cuando tenemos que cuidar mucho m\u00e1s a nuestras ni\u00f1as y ni\u00f1os\u201d, agreg\u00f3 Silva Romo, quien aplaudi\u00f3 que el Ayuntamiento de Santa Luc\u00eda del Camino realice este tipo de acciones, para caminar junto a los padres y madres de familia en la ruta por la felicidad de los infantes.<\/p>\n\n\n\n<p>Finalmente, el presidente municipal Juan Carlos Garc\u00eda M\u00e1rquez celebr\u00f3 que Santa Luc\u00eda del Camino sea pionero en la instalaci\u00f3n del Sistema Municipal de Protecci\u00f3n Integral de los Derechos de Ni\u00f1as, Ni\u00f1os y Adolescentes; y que as\u00ed se convierta en un referente para otros municipios que tengan el inter\u00e9s de caminar junto al gobernador Salom\u00f3n Jara Cruz, en el bienestar de este sector tan importante de la sociedad.<\/p>\n\n\n\n<p>\u201cEn nuestro Gobierno, todas las actividades y servicios municipales coordinados por el Sistema DIF Municipal, est\u00e1n enfocados en el beneficio de las familias y los infantes, porque \u00e9sta es la base de toda sociedad; donde las ni\u00f1as, ni\u00f1os y adolescentes les sean reconocidos sus derechos, nosotros hemos lanzado campa\u00f1as y acciones donde ellos son nuestros principales actores\u201d.<\/p>\n\n\n\n<p>\u201cComo Gobierno, en sus tres \u00f3rdenes, es nuestro deber ponderar el inter\u00e9s superior de ellas y ellos para que vivan una vida acorde a su edad, libre de violencia y luchar por sus derechos; por ello, invito a toda la sociedad para que todas nuestras acciones hacia la ni\u00f1ez sean pensadas como si se tratara de nuestros propios hijos.&nbsp;<\/p>\n\n\n\n<p>En Santa Luc\u00eda del Camino nos sumamos al gran esfuerzo que ha convocado el ingeniero Salom\u00f3n Jara Cruz, en favor de la ni\u00f1ez; reconozco su compromiso por un mejor estado, y nos sumamos a su iniciativa, porque somos un municipio que escuchamos las necesidades de todas y todos\u201d, concluy\u00f3 Juan Carlos Garc\u00eda M\u00e1rquez.<\/p>\n","protected":false},"excerpt":{"rendered":"<p>Redacci\u00f3n\/Zona Roja. Oaxaca de Ju\u00e1rez, Oax., a 4 de febrero de 2023.- El ayuntamiento de&hellip;<\/p>\n","protected":false},"author":2,"featured_media":51273,"comment_status":"closed","ping_status":"open","sticky":false,"template":"","format":"standard","meta":{"_lmt_disableupdate":"","_lmt_disable":"","_jetpack_memberships_contains_paid_content":false,"footnotes":""},"categories":[1],"tags":[2533,337],"class_list":["post-51272","post","type-post","status-publish","format-standard","has-post-thumbnail","hentry","category-sin-categoria","tag-juan-carlos-garcia-marquez","tag-santa-lucia-del-camino"],"jetpack_featured_media_url":"https:\/\/zonaroja.com.mx\/wp-content\/uploads\/2023\/02\/Edil-Santa-Lucia-del-Camino-Juan-Carlos-Garcia.jpg","jetpack_sharing_enabled":true,"_links":{"self":[{"href":"https:\/\/zonaroja.com.mx\/index.php?rest_route=\/wp\/v2\/posts\/51272","targetHints":{"allow":["GET"]}}],"collection":[{"href":"https:\/\/zonaroja.com.mx\/index.php?rest_route=\/wp\/v2\/posts"}],"about":[{"href":"https:\/\/zonaroja.com.mx\/index.php?rest_route=\/wp\/v2\/types\/post"}],"author":[{"embeddable":true,"href":"https:\/\/zonaroja.com.mx\/index.php?rest_route=\/wp\/v2\/users\/2"}],"replies":[{"embeddable":true,"href":"https:\/\/zonaroja.com.mx\/index.php?rest_route=%2Fwp%2Fv2%2Fcomments&post=51272"}],"version-history":[{"count":1,"href":"https:\/\/zonaroja.com.mx\/index.php?rest_route=\/wp\/v2\/posts\/51272\/revisions"}],"predecessor-version":[{"id":51274,"href":"https:\/\/zonaroja.com.mx\/index.php?rest_route=\/wp\/v2\/posts\/51272\/revisions\/51274"}],"wp:featuredmedia":[{"embeddable":true,"href":"https:\/\/zonaroja.com.mx\/index.php?rest_route=\/wp\/v2\/media\/51273"}],"wp:attachment":[{"href":"https:\/\/zonaroja.com.mx\/index.php?rest_route=%2Fwp%2Fv2%2Fmedia&parent=51272"}],"wp:term":[{"taxonomy":"category","embeddable":true,"href":"https:\/\/zonaroja.com.mx\/index.php?rest_route=%2Fwp%2Fv2%2Fcategories&post=51272"},{"taxonomy":"post_tag","embeddable":true,"href":"https:\/\/zonaroja.com.mx\/index.php?rest_route=%2Fwp%2Fv2%2Ftags&post=51272"}],"curies":[{"name":"wp","href":"https:\/\/api.w.org\/{rel}","templated":true}]}}