{"id":51275,"date":"2023-02-04T09:00:00","date_gmt":"2023-02-04T15:00:00","guid":{"rendered":"http:\/\/www.zonaroja.com.mx\/?p=51275"},"modified":"2023-02-04T07:29:08","modified_gmt":"2023-02-04T13:29:08","slug":"crece-mortalidad-por-cancer-en-oaxaca-en-un-ano-demuestran-cifras-de-inegi","status":"publish","type":"post","link":"https:\/\/zonaroja.com.mx\/?p=51275","title":{"rendered":"Crece mortalidad por c\u00e1ncer en Oaxaca en un a\u00f1o, demuestran cifras de Inegi"},"content":{"rendered":"\n<p>Yuridiana Sosa\/Zona Roja.<\/p>\n\n\n\n<p>Oaxaca de Ju\u00e1rez, Oax., a 3 de febrero de 2023.-En Oaxaca la tasa de defunciones por tumores malignos ha crecido entre el 2020 y 2021, de acuerdo con datos del Instituto Nacional de Estad\u00edstica y Geograf\u00eda (Inegi), con motivo del D\u00eda Mundial Contra el C\u00e1ncer a celebrarse este 4 de febrero.<\/p>\n\n\n\n<p>Estad\u00edsticas compartidas este a\u00f1o, con datos del 2021, revelaron que la tasa de mortalidad en Oaxaca fue de 7.3 por cada 10 mil habitantes, lo cual coloca a la entidad en el rango medio de incidencia a nivel nacional; misma cifra que comparte con el estado de San Luis Potos\u00ed.<\/p>\n\n\n\n<p>Eso representa un incremento respecto a la estad\u00edstica del a\u00f1o 2020, cuando present\u00f3 una tasa de defunciones de 6.8 por cada 10 mil habitantes; a su vez, la cifra actual tambi\u00e9n es mayor al a\u00f1o 2019, cuando se encontr\u00f3 en el rango de entre los 68.12 y 73.47 por cada 100 mil habitantes.<\/p>\n\n\n\n<p>NACIONAL<\/p>\n\n\n\n<p>Durante el a\u00f1o 2021 en M\u00e9xico se registraron un mill\u00f3n 122 mil 249 defunciones, de las que el ocho por ciento, 90 mil 123 fueron a tumores malignos, lo que represent\u00f3 un alza de defunciones por cada 10 mil habitantes en comparaci\u00f3n a 2010, al pasar de 6.09 a 7.06.<\/p>\n\n\n\n<p>Los estados con la mayor tasa de defunciones en 2021 fueron Ciudad de M\u00e9xico, Colima, Veracruz de Ignacio de la Llave, Sonora, Chihuahua y Morelos, en contraste, Quintana Roo, Tlaxcala, Guerrero, Puebla, Quer\u00e9taro y Estado de M\u00e9xico los de menor.<\/p>\n\n\n\n<p>El c\u00e1ncer se vincula con la multiplicaci\u00f3n r\u00e1pida de c\u00e9lulas anormales de alg\u00fan \u00f3rgano o&nbsp;sistema del cuerpo, que se extienden m\u00e1s all\u00e1 de sus l\u00edmites habituales y pueden invadir otras&nbsp;partes del cuerpo.<\/p>\n","protected":false},"excerpt":{"rendered":"<p>Yuridiana Sosa\/Zona Roja. Oaxaca de Ju\u00e1rez, Oax., a 3 de febrero de 2023.-En Oaxaca la&hellip;<\/p>\n","protected":false},"author":2,"featured_media":51276,"comment_status":"closed","ping_status":"open","sticky":false,"template":"","format":"standard","meta":{"_lmt_disableupdate":"","_lmt_disable":"","_jetpack_memberships_contains_paid_content":false,"footnotes":""},"categories":[109,47],"tags":[],"class_list":["post-51275","post","type-post","status-publish","format-standard","has-post-thumbnail","hentry","category-minuto-a-minuto","category-zona-gris"],"jetpack_featured_media_url":"https:\/\/zonaroja.com.mx\/wp-content\/uploads\/2023\/02\/Dia-Lucha-Cancer.jpeg","jetpack_sharing_enabled":true,"_links":{"self":[{"href":"https:\/\/zonaroja.com.mx\/index.php?rest_route=\/wp\/v2\/posts\/51275","targetHints":{"allow":["GET"]}}],"collection":[{"href":"https:\/\/zonaroja.com.mx\/index.php?rest_route=\/wp\/v2\/posts"}],"about":[{"href":"https:\/\/zonaroja.com.mx\/index.php?rest_route=\/wp\/v2\/types\/post"}],"author":[{"embeddable":true,"href":"https:\/\/zonaroja.com.mx\/index.php?rest_route=\/wp\/v2\/users\/2"}],"replies":[{"embeddable":true,"href":"https:\/\/zonaroja.com.mx\/index.php?rest_route=%2Fwp%2Fv2%2Fcomments&post=51275"}],"version-history":[{"count":1,"href":"https:\/\/zonaroja.com.mx\/index.php?rest_route=\/wp\/v2\/posts\/51275\/revisions"}],"predecessor-version":[{"id":51277,"href":"https:\/\/zonaroja.com.mx\/index.php?rest_route=\/wp\/v2\/posts\/51275\/revisions\/51277"}],"wp:featuredmedia":[{"embeddable":true,"href":"https:\/\/zonaroja.com.mx\/index.php?rest_route=\/wp\/v2\/media\/51276"}],"wp:attachment":[{"href":"https:\/\/zonaroja.com.mx\/index.php?rest_route=%2Fwp%2Fv2%2Fmedia&parent=51275"}],"wp:term":[{"taxonomy":"category","embeddable":true,"href":"https:\/\/zonaroja.com.mx\/index.php?rest_route=%2Fwp%2Fv2%2Fcategories&post=51275"},{"taxonomy":"post_tag","embeddable":true,"href":"https:\/\/zonaroja.com.mx\/index.php?rest_route=%2Fwp%2Fv2%2Ftags&post=51275"}],"curies":[{"name":"wp","href":"https:\/\/api.w.org\/{rel}","templated":true}]}}