{"id":5128,"date":"2019-10-25T18:24:36","date_gmt":"2019-10-25T23:24:36","guid":{"rendered":"http:\/\/www.zonaroja.com.mx\/?p=5128"},"modified":"2019-10-25T18:24:52","modified_gmt":"2019-10-25T23:24:52","slug":"realizan-en-oaxaca-noveno-encuentro-de-periodismo-cultural-latinoamericano","status":"publish","type":"post","link":"https:\/\/zonaroja.com.mx\/?p=5128","title":{"rendered":"Realizan en Oaxaca Noveno Encuentro de Periodismo Cultural Latinoamericano"},"content":{"rendered":"\n<p>Evlin Arag\u00f3n\/Zona Roja.<\/p>\n\n\n\n<p>Oaxaca de Ju\u00e1rez, Oax., 25 de octubre de\n2019.- Este viernes inici\u00f3 la novena edici\u00f3n del Encuentro de Periodismo\nCultural Latinoamericano, en el marco de la Feria Internacional del Libro 2019,\nque busca reflexionar sobre el quehacer period\u00edstico en M\u00e9xico, las diferentes\nposibilidades para ejercer la profesi\u00f3n y los principales retos a los que se\nenfrentan quienes la practican.<\/p>\n\n\n\n<p>Durante la inauguraci\u00f3n, Guillermo\nQuijas y Vania Res\u00e9ndiz, responsables de la FILO y el Fondo Ventura,\nrespectivamente dieron la bienvenida y celebraron la perseverancia de quienes\norganizan el evento y que se ha mantenido casi por una d\u00e9cada.<\/p>\n\n\n\n<p>\u201cLa Feria del Libro m\u00e1s all\u00e1 de ser un\nfestival cultural; intenta ir reforzando estos programas que tienen que ver m\u00e1s\ncon el \u00e1mbito profesional y acad\u00e9mico, incluido el encuentro de bibliotecarios\nque se da tambi\u00e9n al interior de la FILO\u201d, indic\u00f3 Guillermo Quijas.<\/p>\n\n\n\n<p>Mientras que Jes\u00fas Alejo Santiago, uno\nde los principales promotores del encuentro, record\u00f3 que despu\u00e9s de algunos\na\u00f1os, la tem\u00e1tica se abri\u00f3 mucho m\u00e1s cuando se dieron cuenta que la cultura no\nse cierra a las bellas artes, sino que va mucho m\u00e1s all\u00e1&nbsp; y se integra a la vida cotidiana de las\nsociedades.<\/p>\n\n\n\n<p>\u201cDesde hace nueve a\u00f1os iniciamos con este proyecto en el que muy poca gente cre\u00eda, ya buscamos otros tema, desarrollamos otro tipo de perspectivas pensando que el periodismo cultural aborda muchos aspectos y es indispensable reflexionar a partir de esos puntos\u201d, dijo.<\/p>\n\n\n\n<figure class=\"wp-block-image\"><img decoding=\"async\" width=\"1024\" height=\"682\" src=\"http:\/\/www.zonaroja.com.mx\/wp-content\/uploads\/2019\/10\/PHOTO-2019-10-25-13-39-17-1024x682.jpg\" alt=\"\" class=\"wp-image-5129\" srcset=\"https:\/\/zonaroja.com.mx\/wp-content\/uploads\/2019\/10\/PHOTO-2019-10-25-13-39-17.jpg 1024w, https:\/\/zonaroja.com.mx\/wp-content\/uploads\/2019\/10\/PHOTO-2019-10-25-13-39-17-300x200.jpg 300w, https:\/\/zonaroja.com.mx\/wp-content\/uploads\/2019\/10\/PHOTO-2019-10-25-13-39-17-768x512.jpg 768w, https:\/\/zonaroja.com.mx\/wp-content\/uploads\/2019\/10\/PHOTO-2019-10-25-13-39-17-585x390.jpg 585w, https:\/\/zonaroja.com.mx\/wp-content\/uploads\/2019\/10\/PHOTO-2019-10-25-13-39-17-263x175.jpg 263w\" sizes=\"(max-width: 1024px) 100vw, 1024px\" \/><\/figure>\n\n\n\n<p>Durante la primera mesa denominada\n\u201cEnfoque de g\u00e9nero en el periodismo mexicano\u201d, participaron las periodistas\nSonia Corona, Olivia Zer\u00f3n, Mariana H., Janeth Aguilar y Evlin Arag\u00f3n, quienes\nreconocieron la existencia de un periodismo de g\u00e9nero que cobra fuerza cada vez\nm\u00e1s fuerza, a la par que aseguraron se trata de una batalla diaria por hacer el\nperiodismo de una forma distinta.<\/p>\n\n\n\n<p>\u201cDecir que eres feminista es estar\nreconociendo las luchas que dieron antes de ti otras mujeres, ya que por eso\nest\u00e1s aqu\u00ed decidiendo y hablando\u201d, asegur\u00f3 la periodista Olivia Zer\u00f3n en el\nmarco de su participaci\u00f3n en la que destac\u00f3 los logros actuales, pero tambi\u00e9n\nlos grandes retos a los que a\u00fan se enfrentan las mujeres que ejercen la\nprofesi\u00f3n.<\/p>\n\n\n\n<p>As\u00ed mismo, coincidieron en la presi\u00f3n\nque ejercen los medios de comunicaci\u00f3n en casos que se han resuelto a favor de\nlas mujeres como el feminicidio de Lesvy Berl\u00edn Rivera Osorio, que gracias al\nseguimiento y la cobertura con perspectiva de g\u00e9nero y feminista, as\u00ed como el\nrespaldo de organizaciones sociales y la lucha de su familia, se logr\u00f3 que su\nagresor fuera declarado culpable.<\/p>\n\n\n\n<p>En el caso de Oaxaca, describieron la\nrelevancia del periodismo de g\u00e9nero y el compromiso de las mujeres periodistas\npara darle voz a la lucha de las mujeres por la despenalizaci\u00f3n del aborto, que\nal final se consigui\u00f3 haciendo historia en la entidad en materia legislativa a\nfavor de las mujeres.<\/p>\n\n\n\n<p>Posteriormente se realizaron las mesas\n\u201cEl exilio y la migraci\u00f3n desde una mirada contempor\u00e1nea\u201d y \u201cLenguas ind\u00edgenas\ny periodismo: historias que se escriben con otra cosmovisi\u00f3n\u201d, en las que\nparticiparon Diana Manzo, Elena Reina, Baltazar Dom\u00ednguez, Y\u00e1snaya Elena\nAguilar Mardonio Carballo, Juan Carlos Vald\u00e9s, entre otras.<\/p>\n\n\n\n<p>\u201cLa migraci\u00f3n esta inmiscuida en\nnosotros. La cultura tambi\u00e9n es migraci\u00f3n porque va de boca en boca\u201d asegur\u00f3 la\nperiodista oaxaque\u00f1a Diana Manzo durante su intervenci\u00f3n.<\/p>\n\n\n\n<p>Para el segundo d\u00eda del encuentro de\nperiodistas, este s\u00e1bado se esperan al interior de la FILO mesas con las tem\u00e1ticas\nde migraci\u00f3n, redes sociales, cr\u00edtica literaria y el espect\u00e1culo del\nperiodismo.<\/p>\n","protected":false},"excerpt":{"rendered":"<p>Evlin Arag\u00f3n\/Zona Roja. Oaxaca de Ju\u00e1rez, Oax., 25 de octubre de 2019.- Este viernes inici\u00f3&hellip;<\/p>\n","protected":false},"author":2,"featured_media":5130,"comment_status":"closed","ping_status":"open","sticky":false,"template":"","format":"standard","meta":{"_lmt_disableupdate":"","_lmt_disable":"","_jetpack_memberships_contains_paid_content":false,"footnotes":""},"categories":[109,46],"tags":[915,914],"class_list":["post-5128","post","type-post","status-publish","format-standard","has-post-thumbnail","hentry","category-minuto-a-minuto","category-zona-blanca","tag-feria-internacional-del-libro-de-oaxaca-filo","tag-periodismo-cultural-latinoamericano"],"jetpack_featured_media_url":"https:\/\/zonaroja.com.mx\/wp-content\/uploads\/2019\/10\/IMG_0125.jpg","jetpack_sharing_enabled":true,"_links":{"self":[{"href":"https:\/\/zonaroja.com.mx\/index.php?rest_route=\/wp\/v2\/posts\/5128","targetHints":{"allow":["GET"]}}],"collection":[{"href":"https:\/\/zonaroja.com.mx\/index.php?rest_route=\/wp\/v2\/posts"}],"about":[{"href":"https:\/\/zonaroja.com.mx\/index.php?rest_route=\/wp\/v2\/types\/post"}],"author":[{"embeddable":true,"href":"https:\/\/zonaroja.com.mx\/index.php?rest_route=\/wp\/v2\/users\/2"}],"replies":[{"embeddable":true,"href":"https:\/\/zonaroja.com.mx\/index.php?rest_route=%2Fwp%2Fv2%2Fcomments&post=5128"}],"version-history":[{"count":1,"href":"https:\/\/zonaroja.com.mx\/index.php?rest_route=\/wp\/v2\/posts\/5128\/revisions"}],"predecessor-version":[{"id":5131,"href":"https:\/\/zonaroja.com.mx\/index.php?rest_route=\/wp\/v2\/posts\/5128\/revisions\/5131"}],"wp:featuredmedia":[{"embeddable":true,"href":"https:\/\/zonaroja.com.mx\/index.php?rest_route=\/wp\/v2\/media\/5130"}],"wp:attachment":[{"href":"https:\/\/zonaroja.com.mx\/index.php?rest_route=%2Fwp%2Fv2%2Fmedia&parent=5128"}],"wp:term":[{"taxonomy":"category","embeddable":true,"href":"https:\/\/zonaroja.com.mx\/index.php?rest_route=%2Fwp%2Fv2%2Fcategories&post=5128"},{"taxonomy":"post_tag","embeddable":true,"href":"https:\/\/zonaroja.com.mx\/index.php?rest_route=%2Fwp%2Fv2%2Ftags&post=5128"}],"curies":[{"name":"wp","href":"https:\/\/api.w.org\/{rel}","templated":true}]}}