{"id":51284,"date":"2023-02-04T08:00:54","date_gmt":"2023-02-04T14:00:54","guid":{"rendered":"http:\/\/www.zonaroja.com.mx\/?p=51284"},"modified":"2023-02-04T08:00:55","modified_gmt":"2023-02-04T14:00:55","slug":"como-improcedente-resuelve-tsjo-la-reclasificacion-del-delito-para-vera-carrizal","status":"publish","type":"post","link":"https:\/\/zonaroja.com.mx\/?p=51284","title":{"rendered":"Como improcedente resuelve TSJO la reclasificaci\u00f3n del delito para Vera Carrizal"},"content":{"rendered":"\n<p>Redacci\u00f3n\/Informativo 570.<\/p>\n\n\n\n<p>Oaxaca de Ju\u00e1rez, Oax., a 4 de febrero de 2023.- La Sexta Sala del Tribunal Superior de Justicia del Estado de Oaxaca (TSJO), a cargo de Arturo Le\u00f3n de la Vega, resolvi\u00f3 ayer como improcedente la solicitud de abogados de Juan Antonio Vera Carrizal, de reclasificar el delito de tentativa de feminicidio a lesiones, por el ataque contra la saxofonista Mar\u00eda Elena R\u00edos Ortiz.<\/p>\n\n\n\n<p>A trav\u00e9s de sus redes sociales, hab\u00eda se\u00f1alado que este viernes se llevar\u00eda a cabo la audiencia solicitada para resolver el amparo, donde se realizar\u00eda dicha resoluci\u00f3n, la cual hab\u00eda sido solicitada por el juez Ponciano Velasco Velasco, misma que como lo se\u00f1al\u00f3 en un video, lo hizo sin preguntarle, sabiendo la revictimizaci\u00f3n que implica estar en una audiencia p\u00fablica.<\/p>\n\n\n\n<p>\u201cSu abuso solo logr\u00f3 evidenciar su parcialidad y los contradictorios e infundados supuestos agravios de la defensa del feminicida Juan Antonio Vera Carrizal y se ha confirmado el estricto apego a la ley y la vinculaci\u00f3n a proceso por feminicidio\u201d, dijo.<\/p>\n\n\n\n<p>Se\u00f1al\u00f3 que la violencia \u00e1cida es una de las agresiones m\u00e1s extremas perpetradas hacia una mujer y que es necesario que desde los tribunales se comience a entender qu\u00e9 es una violencia feminicida.<\/p>\n\n\n\n<p>Sin embargo, ante el abultado proceso que ha tenido que enfrentar R\u00edos Ortiz, tras la agresi\u00f3n cometida el 9 de septiembre de 2019 en la ciudad de Huajuapan de Le\u00f3n, as\u00ed como las afectaciones que caus\u00f3 el ataque con \u00e1cido, el Tribunal Superior del Estado mantuvo el delito como feminicidio en grado de tentativa. &nbsp;&nbsp;<\/p>\n\n\n\n<p>Asimismo, sostuvo que la lucha a\u00fan no termina, ya que siguen present\u00e1ndose anomal\u00edas en el proceso ante los diferentes amparos que la defensa de Vera Carrizal ha presentado, y que buscan a toda costa eximirlo del delito y evitar que continue en prisi\u00f3n preventiva.<\/p>\n","protected":false},"excerpt":{"rendered":"<p>Redacci\u00f3n\/Informativo 570. Oaxaca de Ju\u00e1rez, Oax., a 4 de febrero de 2023.- La Sexta Sala&hellip;<\/p>\n","protected":false},"author":2,"featured_media":14549,"comment_status":"closed","ping_status":"open","sticky":false,"template":"","format":"standard","meta":{"_lmt_disableupdate":"","_lmt_disable":"","_jetpack_memberships_contains_paid_content":false,"footnotes":""},"categories":[109,47],"tags":[1124],"class_list":["post-51284","post","type-post","status-publish","format-standard","has-post-thumbnail","hentry","category-minuto-a-minuto","category-zona-gris","tag-maria-elena-rios-ortiz"],"jetpack_featured_media_url":"https:\/\/zonaroja.com.mx\/wp-content\/uploads\/2020\/07\/01-TRIBUNAL.jpg","jetpack_sharing_enabled":true,"_links":{"self":[{"href":"https:\/\/zonaroja.com.mx\/index.php?rest_route=\/wp\/v2\/posts\/51284","targetHints":{"allow":["GET"]}}],"collection":[{"href":"https:\/\/zonaroja.com.mx\/index.php?rest_route=\/wp\/v2\/posts"}],"about":[{"href":"https:\/\/zonaroja.com.mx\/index.php?rest_route=\/wp\/v2\/types\/post"}],"author":[{"embeddable":true,"href":"https:\/\/zonaroja.com.mx\/index.php?rest_route=\/wp\/v2\/users\/2"}],"replies":[{"embeddable":true,"href":"https:\/\/zonaroja.com.mx\/index.php?rest_route=%2Fwp%2Fv2%2Fcomments&post=51284"}],"version-history":[{"count":1,"href":"https:\/\/zonaroja.com.mx\/index.php?rest_route=\/wp\/v2\/posts\/51284\/revisions"}],"predecessor-version":[{"id":51285,"href":"https:\/\/zonaroja.com.mx\/index.php?rest_route=\/wp\/v2\/posts\/51284\/revisions\/51285"}],"wp:featuredmedia":[{"embeddable":true,"href":"https:\/\/zonaroja.com.mx\/index.php?rest_route=\/wp\/v2\/media\/14549"}],"wp:attachment":[{"href":"https:\/\/zonaroja.com.mx\/index.php?rest_route=%2Fwp%2Fv2%2Fmedia&parent=51284"}],"wp:term":[{"taxonomy":"category","embeddable":true,"href":"https:\/\/zonaroja.com.mx\/index.php?rest_route=%2Fwp%2Fv2%2Fcategories&post=51284"},{"taxonomy":"post_tag","embeddable":true,"href":"https:\/\/zonaroja.com.mx\/index.php?rest_route=%2Fwp%2Fv2%2Ftags&post=51284"}],"curies":[{"name":"wp","href":"https:\/\/api.w.org\/{rel}","templated":true}]}}