{"id":51288,"date":"2023-02-04T11:10:00","date_gmt":"2023-02-04T17:10:00","guid":{"rendered":"http:\/\/www.zonaroja.com.mx\/?p=51288"},"modified":"2023-02-04T11:13:24","modified_gmt":"2023-02-04T17:13:24","slug":"pend1-18","status":"publish","type":"post","link":"https:\/\/zonaroja.com.mx\/?p=51288","title":{"rendered":"Masacran a balazos a una familia en Oaxaca, entre ellos una mujer"},"content":{"rendered":"\n<p>Ismael Garc\u00eda M.\/Zona Roja.<\/p>\n\n\n\n<p>Oaxaca de Ju\u00e1rez, Oax., 4 de febrero de 2023.- Cuatro integrantes de una familia, entre ellos una mujer, fueron asesinados la madrugada de este s\u00e1bado en San Miguel Soyaltepec, municipio de la regi\u00f3n Cuenca de Oaxaca.<\/p>\n\n\n\n<p>La masacre se perpetr\u00f3 en un domicilio de dicha demarcaci\u00f3n, conocida tambi\u00e9n como Temascal, en la regi\u00f3n colindante con Veracruz, hacia donde habr\u00edan huido los integrantes del grupo armado que realiz\u00f3 el ataque.&nbsp;<\/p>\n\n\n\n<p>Seg\u00fan los primeros informes, el padre de familia respond\u00eda al nombre de &nbsp;Margarito Crisanto y sus hijos Ver\u00f3nica, Pablo y Pedro de los mismos apellidos.<\/p>\n\n\n\n<p>Hasta el momento ni la Secretaria de Seguridad y Protecci\u00f3n Ciudadana, que encabeza el marino Iv\u00e1n Garc\u00eda, no la Fiscal\u00eda General del Estado de Oaxaca, que dirige Bernardo Rodr\u00edguez Alamilla, no ha emitido ninguna informaci\u00f3n al respecto. <\/p>\n","protected":false},"excerpt":{"rendered":"<p>Ismael Garc\u00eda M.\/Zona Roja. Oaxaca de Ju\u00e1rez, Oax., 4 de febrero de 2023.- Cuatro integrantes&hellip;<\/p>\n","protected":false},"author":2,"featured_media":51290,"comment_status":"closed","ping_status":"open","sticky":false,"template":"","format":"standard","meta":{"_lmt_disableupdate":"","_lmt_disable":"","_jetpack_memberships_contains_paid_content":false,"footnotes":""},"categories":[109,51],"tags":[],"class_list":["post-51288","post","type-post","status-publish","format-standard","has-post-thumbnail","hentry","category-minuto-a-minuto","category-zona-roja"],"jetpack_featured_media_url":"https:\/\/zonaroja.com.mx\/wp-content\/uploads\/2023\/02\/e48580be-5f3d-4b23-ba99-aa48dcc2f54d.jpg","jetpack_sharing_enabled":true,"_links":{"self":[{"href":"https:\/\/zonaroja.com.mx\/index.php?rest_route=\/wp\/v2\/posts\/51288","targetHints":{"allow":["GET"]}}],"collection":[{"href":"https:\/\/zonaroja.com.mx\/index.php?rest_route=\/wp\/v2\/posts"}],"about":[{"href":"https:\/\/zonaroja.com.mx\/index.php?rest_route=\/wp\/v2\/types\/post"}],"author":[{"embeddable":true,"href":"https:\/\/zonaroja.com.mx\/index.php?rest_route=\/wp\/v2\/users\/2"}],"replies":[{"embeddable":true,"href":"https:\/\/zonaroja.com.mx\/index.php?rest_route=%2Fwp%2Fv2%2Fcomments&post=51288"}],"version-history":[{"count":2,"href":"https:\/\/zonaroja.com.mx\/index.php?rest_route=\/wp\/v2\/posts\/51288\/revisions"}],"predecessor-version":[{"id":51291,"href":"https:\/\/zonaroja.com.mx\/index.php?rest_route=\/wp\/v2\/posts\/51288\/revisions\/51291"}],"wp:featuredmedia":[{"embeddable":true,"href":"https:\/\/zonaroja.com.mx\/index.php?rest_route=\/wp\/v2\/media\/51290"}],"wp:attachment":[{"href":"https:\/\/zonaroja.com.mx\/index.php?rest_route=%2Fwp%2Fv2%2Fmedia&parent=51288"}],"wp:term":[{"taxonomy":"category","embeddable":true,"href":"https:\/\/zonaroja.com.mx\/index.php?rest_route=%2Fwp%2Fv2%2Fcategories&post=51288"},{"taxonomy":"post_tag","embeddable":true,"href":"https:\/\/zonaroja.com.mx\/index.php?rest_route=%2Fwp%2Fv2%2Ftags&post=51288"}],"curies":[{"name":"wp","href":"https:\/\/api.w.org\/{rel}","templated":true}]}}